{"id":18703,"date":"2023-02-24T09:44:12","date_gmt":"2023-02-24T08:44:12","guid":{"rendered":"https:\/\/slegal.de\/workshop-zur-arbeitszeiterfassung\/"},"modified":"2023-02-24T09:47:23","modified_gmt":"2023-02-24T08:47:23","slug":"workshop-zur-arbeitszeiterfassung","status":"publish","type":"post","link":"https:\/\/slegal.de\/he\/workshop-zur-arbeitszeiterfassung\/","title":{"rendered":"Workshop zur Arbeitszeiterfassung"},"content":{"rendered":"<p class=\"lead\" style=\"font-weight: 400;\">Unsere Kollegin Caroline Dressel h\u00e4lt am 28. M\u00e4rz 2023 in Zusammenarbeit mit der Zeitschrift \u201eArbeit und Arbeitsrecht\u201c einen Workshop zu allen relevanten Fragen rund um die Arbeitszeiterfassung. Die Entscheidung des BAG im letzten Jahr hat viele Unternehmen vor neue Herausforderungen gestellt. Caroline Dressel wird die wesentlichen Aussagen des Urteils sowie die Grundlagen der Arbeitszeiterfassung erl\u00e4utern und praktische L\u00f6sungen vorstellen. Alle weiteren Informationen zu Inhalt und Anmeldung finden Sie <a href=\"https:\/\/www.arbeit-und-arbeitsrecht.de\/veranstaltungen\/seminar\/pflicht-zur-arbeitszeiterfassung.html\" target=\"_blank\" rel=\"noopener\">hier<\/a>.<\/p>\n","protected":false},"excerpt":{"rendered":"<p>Unsere Kollegin Caroline Dressel h\u00e4lt am 28. M\u00e4rz 2023 in Zusammenarbeit mit der Zeitschrift \u201eArbeit und Arbeitsrecht\u201c einen Workshop zu allen relevanten&#8230;<\/p>\n","protected":false},"author":8,"featured_media":18700,"comment_status":"closed","ping_status":"open","sticky":false,"template":"","format":"standard","meta":{"_uf_show_specific_survey":0,"_uf_disable_surveys":false,"footnotes":""},"categories":[123],"tags":[133],"class_list":["post-18703","post","type-post","status-publish","format-standard","has-post-thumbnail","hentry","category-employment-law-he","tag-arbeitsrecht-he"],"aioseo_notices":[],"aioseo_head":"\n\t\t<!-- All in One SEO 5.0.0.1 - aioseo.com -->\n\t<meta name=\"description\" content=\"Unsere Kollegin Caroline Dressel h\u00e4lt am 28. M\u00e4rz 2023 in Zusammenarbeit mit der Zeitschrift \u201eArbeit und Arbeitsrecht\u201c einen Workshop zu allen relevanten Fragen rund um die Arbeitszeiterfassung. Die Entscheidung des BAG im letzten Jahr hat viele Unternehmen vor neue Herausforderungen gestellt. Caroline Dressel wird die wesentlichen Aussagen des Urteils sowie die Grundlagen der Arbeitszeiterfassung erl\u00e4utern\" \/>\n\t<meta name=\"robots\" content=\"max-image-preview:large\" \/>\n\t<meta name=\"author\" content=\"Ahmed Amine Mchayaa\"\/>\n\t<link rel=\"canonical\" href=\"https:\/\/slegal.de\/he\/workshop-zur-arbeitszeiterfassung\/\" \/>\n\t<meta name=\"generator\" content=\"All in One SEO (AIOSEO) 5.0.0.1\" \/>\n\t\t<meta property=\"og:locale\" content=\"he_IL\" \/>\n\t\t<meta property=\"og:site_name\" content=\"Schwenke Sch\u00fctz - Rechtsanw\u00e4lte und Notare\" \/>\n\t\t<meta property=\"og:type\" content=\"article\" \/>\n\t\t<meta property=\"og:title\" content=\"Workshop zur Arbeitszeiterfassung - Schwenke Sch\u00fctz\" \/>\n\t\t<meta property=\"og:description\" content=\"Unsere Kollegin Caroline Dressel h\u00e4lt am 28. M\u00e4rz 2023 in Zusammenarbeit mit der Zeitschrift \u201eArbeit und Arbeitsrecht\u201c einen Workshop zu allen relevanten Fragen rund um die Arbeitszeiterfassung. Die Entscheidung des BAG im letzten Jahr hat viele Unternehmen vor neue Herausforderungen gestellt. Caroline Dressel wird die wesentlichen Aussagen des Urteils sowie die Grundlagen der Arbeitszeiterfassung erl\u00e4utern\" \/>\n\t\t<meta property=\"og:url\" content=\"https:\/\/slegal.de\/he\/workshop-zur-arbeitszeiterfassung\/\" \/>\n\t\t<meta property=\"article:published_time\" content=\"2023-02-24T08:44:12+00:00\" \/>\n\t\t<meta property=\"article:modified_time\" content=\"2023-02-24T08:47:23+00:00\" \/>\n\t\t<meta name=\"twitter:card\" content=\"summary_large_image\" \/>\n\t\t<meta name=\"twitter:title\" content=\"Workshop zur Arbeitszeiterfassung - Schwenke Sch\u00fctz\" \/>\n\t\t<meta name=\"twitter:description\" content=\"Unsere Kollegin Caroline Dressel h\u00e4lt am 28. M\u00e4rz 2023 in Zusammenarbeit mit der Zeitschrift \u201eArbeit und Arbeitsrecht\u201c einen Workshop zu allen relevanten Fragen rund um die Arbeitszeiterfassung. Die Entscheidung des BAG im letzten Jahr hat viele Unternehmen vor neue Herausforderungen gestellt. Caroline Dressel wird die wesentlichen Aussagen des Urteils sowie die Grundlagen der Arbeitszeiterfassung erl\u00e4utern\" \/>\n\t\t<script type=\"application\/ld+json\" class=\"aioseo-schema\">\n\t\t\t{\"@context\":\"https:\\\/\\\/schema.org\",\"@graph\":[{\"@type\":\"BlogPosting\",\"@id\":\"https:\\\/\\\/slegal.de\\\/he\\\/workshop-zur-arbeitszeiterfassung\\\/#blogposting\",\"name\":\"Workshop zur Arbeitszeiterfassung - Schwenke Sch\\u00fctz\",\"headline\":\"Workshop zur Arbeitszeiterfassung\",\"author\":{\"@id\":\"https:\\\/\\\/slegal.de\\\/he\\\/author\\\/mcamin\\\/#author\"},\"publisher\":{\"@id\":\"https:\\\/\\\/slegal.de\\\/he\\\/#organization\"},\"image\":{\"@type\":\"ImageObject\",\"url\":\"https:\\\/\\\/slegal.de\\\/wp-content\\\/uploads\\\/2023\\\/02\\\/Employment-Law-scaled.jpg\",\"width\":2560,\"height\":1707,\"caption\":\"Legal advisor is explaining the offense under the law in the book at office.\"},\"datePublished\":\"2023-02-24T09:44:12+01:00\",\"dateModified\":\"2023-02-24T09:47:23+01:00\",\"inLanguage\":\"he-IL\",\"mainEntityOfPage\":{\"@id\":\"https:\\\/\\\/slegal.de\\\/he\\\/workshop-zur-arbeitszeiterfassung\\\/#webpage\"},\"isPartOf\":{\"@id\":\"https:\\\/\\\/slegal.de\\\/he\\\/workshop-zur-arbeitszeiterfassung\\\/#webpage\"},\"articleSection\":\"Employment Law, Arbeitsrecht, \\u05d0\\u05d5\\u05e4\\u05e6\\u05d9\\u05d5\\u05e0\\u05dc\\u05d9\"},{\"@type\":\"BreadcrumbList\",\"@id\":\"https:\\\/\\\/slegal.de\\\/he\\\/workshop-zur-arbeitszeiterfassung\\\/#breadcrumblist\",\"itemListElement\":[{\"@type\":\"ListItem\",\"@id\":\"https:\\\/\\\/slegal.de\\\/he\\\/#listItem\",\"position\":1,\"name\":\"Home\",\"item\":\"https:\\\/\\\/slegal.de\\\/he\\\/\",\"nextItem\":{\"@type\":\"ListItem\",\"@id\":\"https:\\\/\\\/slegal.de\\\/he\\\/employment-law-he\\\/#listItem\",\"name\":\"Employment Law\"}},{\"@type\":\"ListItem\",\"@id\":\"https:\\\/\\\/slegal.de\\\/he\\\/employment-law-he\\\/#listItem\",\"position\":2,\"name\":\"Employment Law\",\"item\":\"https:\\\/\\\/slegal.de\\\/he\\\/employment-law-he\\\/\",\"nextItem\":{\"@type\":\"ListItem\",\"@id\":\"https:\\\/\\\/slegal.de\\\/he\\\/workshop-zur-arbeitszeiterfassung\\\/#listItem\",\"name\":\"Workshop zur Arbeitszeiterfassung\"},\"previousItem\":{\"@type\":\"ListItem\",\"@id\":\"https:\\\/\\\/slegal.de\\\/he\\\/#listItem\",\"name\":\"Home\"}},{\"@type\":\"ListItem\",\"@id\":\"https:\\\/\\\/slegal.de\\\/he\\\/workshop-zur-arbeitszeiterfassung\\\/#listItem\",\"position\":3,\"name\":\"Workshop zur Arbeitszeiterfassung\",\"previousItem\":{\"@type\":\"ListItem\",\"@id\":\"https:\\\/\\\/slegal.de\\\/he\\\/employment-law-he\\\/#listItem\",\"name\":\"Employment Law\"}}]},{\"@type\":\"Organization\",\"@id\":\"https:\\\/\\\/slegal.de\\\/he\\\/#organization\",\"name\":\"Schwenke Sch\\u00fctz\",\"description\":\"Rechtsanw\\u00e4lte und Notare\",\"url\":\"https:\\\/\\\/slegal.de\\\/he\\\/\"},{\"@type\":\"Person\",\"@id\":\"https:\\\/\\\/slegal.de\\\/he\\\/author\\\/mcamin\\\/#author\",\"url\":\"https:\\\/\\\/slegal.de\\\/he\\\/author\\\/mcamin\\\/\",\"name\":\"Ahmed Amine Mchayaa\",\"image\":{\"@type\":\"ImageObject\",\"@id\":\"https:\\\/\\\/slegal.de\\\/he\\\/workshop-zur-arbeitszeiterfassung\\\/#authorImage\",\"url\":\"https:\\\/\\\/secure.gravatar.com\\\/avatar\\\/509a1fe6b7a06a77d623bb38281b6f573efd61a2512de9be7cac54d6ee2e45c7?s=96&d=mm&r=g\",\"width\":96,\"height\":96,\"caption\":\"Ahmed Amine Mchayaa\"}},{\"@type\":\"WebPage\",\"@id\":\"https:\\\/\\\/slegal.de\\\/he\\\/workshop-zur-arbeitszeiterfassung\\\/#webpage\",\"url\":\"https:\\\/\\\/slegal.de\\\/he\\\/workshop-zur-arbeitszeiterfassung\\\/\",\"name\":\"Workshop zur Arbeitszeiterfassung - Schwenke Sch\\u00fctz\",\"description\":\"Unsere Kollegin Caroline Dressel h\\u00e4lt am 28. M\\u00e4rz 2023 in Zusammenarbeit mit der Zeitschrift \\u201eArbeit und Arbeitsrecht\\u201c einen Workshop zu allen relevanten Fragen rund um die Arbeitszeiterfassung. Die Entscheidung des BAG im letzten Jahr hat viele Unternehmen vor neue Herausforderungen gestellt. Caroline Dressel wird die wesentlichen Aussagen des Urteils sowie die Grundlagen der Arbeitszeiterfassung erl\\u00e4utern\",\"inLanguage\":\"he-IL\",\"isPartOf\":{\"@id\":\"https:\\\/\\\/slegal.de\\\/he\\\/#website\"},\"breadcrumb\":{\"@id\":\"https:\\\/\\\/slegal.de\\\/he\\\/workshop-zur-arbeitszeiterfassung\\\/#breadcrumblist\"},\"author\":{\"@id\":\"https:\\\/\\\/slegal.de\\\/he\\\/author\\\/mcamin\\\/#author\"},\"creator\":{\"@id\":\"https:\\\/\\\/slegal.de\\\/he\\\/author\\\/mcamin\\\/#author\"},\"image\":{\"@type\":\"ImageObject\",\"url\":\"https:\\\/\\\/slegal.de\\\/wp-content\\\/uploads\\\/2023\\\/02\\\/Employment-Law-scaled.jpg\",\"@id\":\"https:\\\/\\\/slegal.de\\\/he\\\/workshop-zur-arbeitszeiterfassung\\\/#mainImage\",\"width\":2560,\"height\":1707,\"caption\":\"Legal advisor is explaining the offense under the law in the book at office.\"},\"primaryImageOfPage\":{\"@id\":\"https:\\\/\\\/slegal.de\\\/he\\\/workshop-zur-arbeitszeiterfassung\\\/#mainImage\"},\"datePublished\":\"2023-02-24T09:44:12+01:00\",\"dateModified\":\"2023-02-24T09:47:23+01:00\"},{\"@type\":\"WebSite\",\"@id\":\"https:\\\/\\\/slegal.de\\\/he\\\/#website\",\"url\":\"https:\\\/\\\/slegal.de\\\/he\\\/\",\"name\":\"Schwenke Sch\\u00fctz\",\"description\":\"Rechtsanw\\u00e4lte und Notare\",\"inLanguage\":\"he-IL\",\"publisher\":{\"@id\":\"https:\\\/\\\/slegal.de\\\/he\\\/#organization\"}}]}\n\t\t<\/script>\n\t\t<!-- All in One SEO -->\n\n","aioseo_head_json":{"title":"Workshop zur Arbeitszeiterfassung - Schwenke Sch\u00fctz","description":"Unsere Kollegin Caroline Dressel h\u00e4lt am 28. M\u00e4rz 2023 in Zusammenarbeit mit der Zeitschrift \u201eArbeit und Arbeitsrecht\u201c einen Workshop zu allen relevanten Fragen rund um die Arbeitszeiterfassung. Die Entscheidung des BAG im letzten Jahr hat viele Unternehmen vor neue Herausforderungen gestellt. Caroline Dressel wird die wesentlichen Aussagen des Urteils sowie die Grundlagen der Arbeitszeiterfassung erl\u00e4utern","canonical_url":"https:\/\/slegal.de\/he\/workshop-zur-arbeitszeiterfassung\/","robots":"max-image-preview:large","keywords":"","webmasterTools":{"miscellaneous":""},"schema":{"@context":"https:\/\/schema.org","@graph":[{"@type":"BlogPosting","@id":"https:\/\/slegal.de\/he\/workshop-zur-arbeitszeiterfassung\/#blogposting","name":"Workshop zur Arbeitszeiterfassung - Schwenke Sch\u00fctz","headline":"Workshop zur Arbeitszeiterfassung","author":{"@id":"https:\/\/slegal.de\/he\/author\/mcamin\/#author"},"publisher":{"@id":"https:\/\/slegal.de\/he\/#organization"},"image":{"@type":"ImageObject","url":"https:\/\/slegal.de\/wp-content\/uploads\/2023\/02\/Employment-Law-scaled.jpg","width":2560,"height":1707,"caption":"Legal advisor is explaining the offense under the law in the book at office."},"datePublished":"2023-02-24T09:44:12+01:00","dateModified":"2023-02-24T09:47:23+01:00","inLanguage":"he-IL","mainEntityOfPage":{"@id":"https:\/\/slegal.de\/he\/workshop-zur-arbeitszeiterfassung\/#webpage"},"isPartOf":{"@id":"https:\/\/slegal.de\/he\/workshop-zur-arbeitszeiterfassung\/#webpage"},"articleSection":"Employment Law, Arbeitsrecht, \u05d0\u05d5\u05e4\u05e6\u05d9\u05d5\u05e0\u05dc\u05d9"},{"@type":"BreadcrumbList","@id":"https:\/\/slegal.de\/he\/workshop-zur-arbeitszeiterfassung\/#breadcrumblist","itemListElement":[{"@type":"ListItem","@id":"https:\/\/slegal.de\/he\/#listItem","position":1,"name":"Home","item":"https:\/\/slegal.de\/he\/","nextItem":{"@type":"ListItem","@id":"https:\/\/slegal.de\/he\/employment-law-he\/#listItem","name":"Employment Law"}},{"@type":"ListItem","@id":"https:\/\/slegal.de\/he\/employment-law-he\/#listItem","position":2,"name":"Employment Law","item":"https:\/\/slegal.de\/he\/employment-law-he\/","nextItem":{"@type":"ListItem","@id":"https:\/\/slegal.de\/he\/workshop-zur-arbeitszeiterfassung\/#listItem","name":"Workshop zur Arbeitszeiterfassung"},"previousItem":{"@type":"ListItem","@id":"https:\/\/slegal.de\/he\/#listItem","name":"Home"}},{"@type":"ListItem","@id":"https:\/\/slegal.de\/he\/workshop-zur-arbeitszeiterfassung\/#listItem","position":3,"name":"Workshop zur Arbeitszeiterfassung","previousItem":{"@type":"ListItem","@id":"https:\/\/slegal.de\/he\/employment-law-he\/#listItem","name":"Employment Law"}}]},{"@type":"Organization","@id":"https:\/\/slegal.de\/he\/#organization","name":"Schwenke Sch\u00fctz","description":"Rechtsanw\u00e4lte und Notare","url":"https:\/\/slegal.de\/he\/"},{"@type":"Person","@id":"https:\/\/slegal.de\/he\/author\/mcamin\/#author","url":"https:\/\/slegal.de\/he\/author\/mcamin\/","name":"Ahmed Amine Mchayaa","image":{"@type":"ImageObject","@id":"https:\/\/slegal.de\/he\/workshop-zur-arbeitszeiterfassung\/#authorImage","url":"https:\/\/secure.gravatar.com\/avatar\/509a1fe6b7a06a77d623bb38281b6f573efd61a2512de9be7cac54d6ee2e45c7?s=96&d=mm&r=g","width":96,"height":96,"caption":"Ahmed Amine Mchayaa"}},{"@type":"WebPage","@id":"https:\/\/slegal.de\/he\/workshop-zur-arbeitszeiterfassung\/#webpage","url":"https:\/\/slegal.de\/he\/workshop-zur-arbeitszeiterfassung\/","name":"Workshop zur Arbeitszeiterfassung - Schwenke Sch\u00fctz","description":"Unsere Kollegin Caroline Dressel h\u00e4lt am 28. M\u00e4rz 2023 in Zusammenarbeit mit der Zeitschrift \u201eArbeit und Arbeitsrecht\u201c einen Workshop zu allen relevanten Fragen rund um die Arbeitszeiterfassung. Die Entscheidung des BAG im letzten Jahr hat viele Unternehmen vor neue Herausforderungen gestellt. Caroline Dressel wird die wesentlichen Aussagen des Urteils sowie die Grundlagen der Arbeitszeiterfassung erl\u00e4utern","inLanguage":"he-IL","isPartOf":{"@id":"https:\/\/slegal.de\/he\/#website"},"breadcrumb":{"@id":"https:\/\/slegal.de\/he\/workshop-zur-arbeitszeiterfassung\/#breadcrumblist"},"author":{"@id":"https:\/\/slegal.de\/he\/author\/mcamin\/#author"},"creator":{"@id":"https:\/\/slegal.de\/he\/author\/mcamin\/#author"},"image":{"@type":"ImageObject","url":"https:\/\/slegal.de\/wp-content\/uploads\/2023\/02\/Employment-Law-scaled.jpg","@id":"https:\/\/slegal.de\/he\/workshop-zur-arbeitszeiterfassung\/#mainImage","width":2560,"height":1707,"caption":"Legal advisor is explaining the offense under the law in the book at office."},"primaryImageOfPage":{"@id":"https:\/\/slegal.de\/he\/workshop-zur-arbeitszeiterfassung\/#mainImage"},"datePublished":"2023-02-24T09:44:12+01:00","dateModified":"2023-02-24T09:47:23+01:00"},{"@type":"WebSite","@id":"https:\/\/slegal.de\/he\/#website","url":"https:\/\/slegal.de\/he\/","name":"Schwenke Sch\u00fctz","description":"Rechtsanw\u00e4lte und Notare","inLanguage":"he-IL","publisher":{"@id":"https:\/\/slegal.de\/he\/#organization"}}]},"og:locale":"he_IL","og:site_name":"Schwenke Sch\u00fctz - Rechtsanw\u00e4lte und Notare","og:type":"article","og:title":"Workshop zur Arbeitszeiterfassung - Schwenke Sch\u00fctz","og:description":"Unsere Kollegin Caroline Dressel h\u00e4lt am 28. M\u00e4rz 2023 in Zusammenarbeit mit der Zeitschrift \u201eArbeit und Arbeitsrecht\u201c einen Workshop zu allen relevanten Fragen rund um die Arbeitszeiterfassung. Die Entscheidung des BAG im letzten Jahr hat viele Unternehmen vor neue Herausforderungen gestellt. Caroline Dressel wird die wesentlichen Aussagen des Urteils sowie die Grundlagen der Arbeitszeiterfassung erl\u00e4utern","og:url":"https:\/\/slegal.de\/he\/workshop-zur-arbeitszeiterfassung\/","article:published_time":"2023-02-24T08:44:12+00:00","article:modified_time":"2023-02-24T08:47:23+00:00","twitter:card":"summary_large_image","twitter:title":"Workshop zur Arbeitszeiterfassung - Schwenke Sch\u00fctz","twitter:description":"Unsere Kollegin Caroline Dressel h\u00e4lt am 28. M\u00e4rz 2023 in Zusammenarbeit mit der Zeitschrift \u201eArbeit und Arbeitsrecht\u201c einen Workshop zu allen relevanten Fragen rund um die Arbeitszeiterfassung. Die Entscheidung des BAG im letzten Jahr hat viele Unternehmen vor neue Herausforderungen gestellt. Caroline Dressel wird die wesentlichen Aussagen des Urteils sowie die Grundlagen der Arbeitszeiterfassung erl\u00e4utern"},"aioseo_meta_data":{"post_id":"18703","title":null,"description":null,"keywords":null,"keyphrases":null,"primary_term":null,"canonical_url":null,"og_title":null,"og_description":null,"og_object_type":"default","og_image_type":"default","og_image_url":null,"og_image_width":null,"og_image_height":null,"og_image_custom_url":null,"og_image_custom_fields":null,"og_video":null,"og_custom_url":null,"og_article_section":null,"og_article_tags":null,"twitter_use_og":false,"twitter_card":"default","twitter_image_type":"default","twitter_image_url":null,"twitter_image_custom_url":null,"twitter_image_custom_fields":null,"twitter_title":null,"twitter_description":null,"schema":{"blockGraphs":[],"customGraphs":[],"default":{"data":{"Article":[],"Course":[],"Dataset":[],"FAQPage":[],"Movie":[],"Person":[],"Product":[],"ProductReview":[],"Car":[],"Recipe":[],"Service":[],"SoftwareApplication":[],"WebPage":[]},"graphName":"","isEnabled":true},"graphs":[]},"schema_type":"default","schema_type_options":null,"pillar_content":false,"robots_default":true,"robots_noindex":false,"robots_noarchive":false,"robots_nosnippet":false,"robots_nofollow":false,"robots_noimageindex":false,"robots_noodp":false,"robots_notranslate":false,"robots_max_snippet":null,"robots_max_videopreview":null,"robots_max_imagepreview":"large","priority":null,"frequency":null,"local_seo":null,"breadcrumb_settings":null,"limit_modified_date":false,"ai":null,"created":"2023-06-02 21:11:06","updated":"2025-06-15 21:07:48","seo_analyzer_scan_date":null,"focus_keyword":null,"additional_keywords":null,"truseo_locale":null},"aioseo_breadcrumb":"<div class=\"aioseo-breadcrumbs\"><span class=\"aioseo-breadcrumb\">\n\t\t\t<a href=\"https:\/\/slegal.de\/he\/\" title=\"Home\">Home<\/a>\n\t\t<\/span><span class=\"aioseo-breadcrumb-separator\">&raquo;<\/span><span class=\"aioseo-breadcrumb\">\n\t\t\t<a href=\"https:\/\/slegal.de\/he\/employment-law-he\/\" title=\"Employment Law\">Employment Law<\/a>\n\t\t<\/span><span class=\"aioseo-breadcrumb-separator\">&raquo;<\/span><span class=\"aioseo-breadcrumb\">\n\t\t\tWorkshop zur Arbeitszeiterfassung\n\t\t<\/span><\/div>","aioseo_breadcrumb_json":[{"label":"Home","link":"https:\/\/slegal.de\/he\/"},{"label":"Employment Law","link":"https:\/\/slegal.de\/he\/employment-law-he\/"},{"label":"Workshop zur Arbeitszeiterfassung","link":"https:\/\/slegal.de\/he\/workshop-zur-arbeitszeiterfassung\/"}],"yoast_head":"<!-- This site is optimized with the Yoast SEO plugin v28.1 - https:\/\/yoast.com\/product\/yoast-seo-wordpress\/ -->\n<title>Workshop zur Arbeitszeiterfassung &#8211; Schwenke Sch\u00fctz<\/title>\n<meta name=\"robots\" content=\"index, follow, max-snippet:-1, max-image-preview:large, max-video-preview:-1\" \/>\n<link rel=\"canonical\" href=\"https:\/\/slegal.de\/he\/workshop-zur-arbeitszeiterfassung\/\" \/>\n<meta property=\"og:locale\" content=\"he_IL\" \/>\n<meta property=\"og:type\" content=\"article\" \/>\n<meta property=\"og:title\" content=\"Workshop zur Arbeitszeiterfassung &#8211; Schwenke Sch\u00fctz\" \/>\n<meta property=\"og:description\" content=\"Unsere Kollegin Caroline Dressel h\u00e4lt am 28. M\u00e4rz 2023 in Zusammenarbeit mit der Zeitschrift \u201eArbeit und Arbeitsrecht\u201c einen Workshop zu allen relevanten...\" \/>\n<meta property=\"og:url\" content=\"https:\/\/slegal.de\/he\/workshop-zur-arbeitszeiterfassung\/\" \/>\n<meta property=\"og:site_name\" content=\"Schwenke Sch\u00fctz\" \/>\n<meta property=\"article:published_time\" content=\"2023-02-24T08:44:12+00:00\" \/>\n<meta property=\"article:modified_time\" content=\"2023-02-24T08:47:23+00:00\" \/>\n<meta property=\"og:image\" content=\"https:\/\/slegal.de\/wp-content\/uploads\/2023\/02\/Employment-Law-scaled.jpg\" \/>\n\t<meta property=\"og:image:width\" content=\"2560\" \/>\n\t<meta property=\"og:image:height\" content=\"1707\" \/>\n\t<meta property=\"og:image:type\" content=\"image\/jpeg\" \/>\n<meta name=\"author\" content=\"Ahmed Amine Mchayaa\" \/>\n<meta name=\"twitter:card\" content=\"summary_large_image\" \/>\n<meta name=\"twitter:label1\" content=\"\u05e0\u05db\u05ea\u05d1 \u05e2\u05dc \u05d9\u05d3\" \/>\n\t<meta name=\"twitter:data1\" content=\"Ahmed Amine Mchayaa\" \/>\n\t<meta name=\"twitter:label2\" content=\"\u05d6\u05de\u05df \u05e7\u05e8\u05d9\u05d0\u05d4 \u05de\u05d5\u05e2\u05e8\u05da\" \/>\n\t<meta name=\"twitter:data2\" content=\"\u05d3\u05e7\u05d41\" \/>\n<script type=\"application\/ld+json\" class=\"yoast-schema-graph\">{\"@context\":\"https:\\\/\\\/schema.org\",\"@graph\":[{\"@type\":\"Article\",\"@id\":\"https:\\\/\\\/slegal.de\\\/he\\\/workshop-zur-arbeitszeiterfassung\\\/#article\",\"isPartOf\":{\"@id\":\"https:\\\/\\\/slegal.de\\\/he\\\/workshop-zur-arbeitszeiterfassung\\\/\"},\"author\":{\"name\":\"Ahmed Amine Mchayaa\",\"@id\":\"https:\\\/\\\/slegal.de\\\/en\\\/#\\\/schema\\\/person\\\/60d31e421a5014d578a9fa93c9089556\"},\"headline\":\"Workshop zur Arbeitszeiterfassung\",\"datePublished\":\"2023-02-24T08:44:12+00:00\",\"dateModified\":\"2023-02-24T08:47:23+00:00\",\"mainEntityOfPage\":{\"@id\":\"https:\\\/\\\/slegal.de\\\/he\\\/workshop-zur-arbeitszeiterfassung\\\/\"},\"wordCount\":74,\"publisher\":{\"@id\":\"https:\\\/\\\/slegal.de\\\/en\\\/#organization\"},\"image\":{\"@id\":\"https:\\\/\\\/slegal.de\\\/he\\\/workshop-zur-arbeitszeiterfassung\\\/#primaryimage\"},\"thumbnailUrl\":\"https:\\\/\\\/slegal.de\\\/wp-content\\\/uploads\\\/2023\\\/02\\\/Employment-Law-scaled.jpg\",\"keywords\":[\"Arbeitsrecht\"],\"articleSection\":[\"Employment Law\"],\"inLanguage\":\"he-IL\"},{\"@type\":\"WebPage\",\"@id\":\"https:\\\/\\\/slegal.de\\\/he\\\/workshop-zur-arbeitszeiterfassung\\\/\",\"url\":\"https:\\\/\\\/slegal.de\\\/he\\\/workshop-zur-arbeitszeiterfassung\\\/\",\"name\":\"Workshop zur Arbeitszeiterfassung &#8211; Schwenke Sch\u00fctz\",\"isPartOf\":{\"@id\":\"https:\\\/\\\/slegal.de\\\/en\\\/#website\"},\"primaryImageOfPage\":{\"@id\":\"https:\\\/\\\/slegal.de\\\/he\\\/workshop-zur-arbeitszeiterfassung\\\/#primaryimage\"},\"image\":{\"@id\":\"https:\\\/\\\/slegal.de\\\/he\\\/workshop-zur-arbeitszeiterfassung\\\/#primaryimage\"},\"thumbnailUrl\":\"https:\\\/\\\/slegal.de\\\/wp-content\\\/uploads\\\/2023\\\/02\\\/Employment-Law-scaled.jpg\",\"datePublished\":\"2023-02-24T08:44:12+00:00\",\"dateModified\":\"2023-02-24T08:47:23+00:00\",\"breadcrumb\":{\"@id\":\"https:\\\/\\\/slegal.de\\\/he\\\/workshop-zur-arbeitszeiterfassung\\\/#breadcrumb\"},\"inLanguage\":\"he-IL\",\"potentialAction\":[{\"@type\":\"ReadAction\",\"target\":[\"https:\\\/\\\/slegal.de\\\/he\\\/workshop-zur-arbeitszeiterfassung\\\/\"]}]},{\"@type\":\"ImageObject\",\"inLanguage\":\"he-IL\",\"@id\":\"https:\\\/\\\/slegal.de\\\/he\\\/workshop-zur-arbeitszeiterfassung\\\/#primaryimage\",\"url\":\"https:\\\/\\\/slegal.de\\\/wp-content\\\/uploads\\\/2023\\\/02\\\/Employment-Law-scaled.jpg\",\"contentUrl\":\"https:\\\/\\\/slegal.de\\\/wp-content\\\/uploads\\\/2023\\\/02\\\/Employment-Law-scaled.jpg\",\"width\":2560,\"height\":1707,\"caption\":\"Legal advisor is explaining the offense under the law in the book at office.\"},{\"@type\":\"BreadcrumbList\",\"@id\":\"https:\\\/\\\/slegal.de\\\/he\\\/workshop-zur-arbeitszeiterfassung\\\/#breadcrumb\",\"itemListElement\":[{\"@type\":\"ListItem\",\"position\":1,\"name\":\"Startseite\",\"item\":\"https:\\\/\\\/slegal.de\\\/he\\\/\"},{\"@type\":\"ListItem\",\"position\":2,\"name\":\"Workshop zur Arbeitszeiterfassung\"}]},{\"@type\":\"WebSite\",\"@id\":\"https:\\\/\\\/slegal.de\\\/en\\\/#website\",\"url\":\"https:\\\/\\\/slegal.de\\\/en\\\/\",\"name\":\"Schwenke Sch\u00fctz\",\"description\":\"Rechtsanw\u00e4lte und Notare\",\"publisher\":{\"@id\":\"https:\\\/\\\/slegal.de\\\/en\\\/#organization\"},\"potentialAction\":[{\"@type\":\"SearchAction\",\"target\":{\"@type\":\"EntryPoint\",\"urlTemplate\":\"https:\\\/\\\/slegal.de\\\/en\\\/?s={search_term_string}\"},\"query-input\":{\"@type\":\"PropertyValueSpecification\",\"valueRequired\":true,\"valueName\":\"search_term_string\"}}],\"inLanguage\":\"he-IL\"},{\"@type\":\"Organization\",\"@id\":\"https:\\\/\\\/slegal.de\\\/en\\\/#organization\",\"name\":\"Schwenke Sch\u00fctz\",\"url\":\"https:\\\/\\\/slegal.de\\\/en\\\/\",\"logo\":{\"@type\":\"ImageObject\",\"inLanguage\":\"he-IL\",\"@id\":\"https:\\\/\\\/slegal.de\\\/en\\\/#\\\/schema\\\/logo\\\/image\\\/\",\"url\":\"https:\\\/\\\/slegal.de\\\/wp-content\\\/uploads\\\/2017\\\/11\\\/logo-schwenke-schuetz.png\",\"contentUrl\":\"https:\\\/\\\/slegal.de\\\/wp-content\\\/uploads\\\/2017\\\/11\\\/logo-schwenke-schuetz.png\",\"width\":370,\"height\":126,\"caption\":\"Schwenke Sch\u00fctz\"},\"image\":{\"@id\":\"https:\\\/\\\/slegal.de\\\/en\\\/#\\\/schema\\\/logo\\\/image\\\/\"},\"sameAs\":[\"https:\\\/\\\/www.linkedin.com\\\/company\\\/11433693\\\/\"]},{\"@type\":\"Person\",\"@id\":\"https:\\\/\\\/slegal.de\\\/en\\\/#\\\/schema\\\/person\\\/60d31e421a5014d578a9fa93c9089556\",\"name\":\"Ahmed Amine Mchayaa\",\"image\":{\"@type\":\"ImageObject\",\"inLanguage\":\"he-IL\",\"@id\":\"https:\\\/\\\/secure.gravatar.com\\\/avatar\\\/509a1fe6b7a06a77d623bb38281b6f573efd61a2512de9be7cac54d6ee2e45c7?s=96&d=mm&r=g\",\"url\":\"https:\\\/\\\/secure.gravatar.com\\\/avatar\\\/509a1fe6b7a06a77d623bb38281b6f573efd61a2512de9be7cac54d6ee2e45c7?s=96&d=mm&r=g\",\"contentUrl\":\"https:\\\/\\\/secure.gravatar.com\\\/avatar\\\/509a1fe6b7a06a77d623bb38281b6f573efd61a2512de9be7cac54d6ee2e45c7?s=96&d=mm&r=g\",\"caption\":\"Ahmed Amine Mchayaa\"},\"sameAs\":[\"http:\\\/\\\/madev.de\"]}]}<\/script>\n<!-- \/ Yoast SEO plugin. -->","yoast_head_json":{"title":"Workshop zur Arbeitszeiterfassung &#8211; Schwenke Sch\u00fctz","robots":{"index":"index","follow":"follow","max-snippet":"max-snippet:-1","max-image-preview":"max-image-preview:large","max-video-preview":"max-video-preview:-1"},"canonical":"https:\/\/slegal.de\/he\/workshop-zur-arbeitszeiterfassung\/","og_locale":"he_IL","og_type":"article","og_title":"Workshop zur Arbeitszeiterfassung &#8211; Schwenke Sch\u00fctz","og_description":"Unsere Kollegin Caroline Dressel h\u00e4lt am 28. M\u00e4rz 2023 in Zusammenarbeit mit der Zeitschrift \u201eArbeit und Arbeitsrecht\u201c einen Workshop zu allen relevanten...","og_url":"https:\/\/slegal.de\/he\/workshop-zur-arbeitszeiterfassung\/","og_site_name":"Schwenke Sch\u00fctz","article_published_time":"2023-02-24T08:44:12+00:00","article_modified_time":"2023-02-24T08:47:23+00:00","og_image":[{"width":2560,"height":1707,"url":"https:\/\/slegal.de\/wp-content\/uploads\/2023\/02\/Employment-Law-scaled.jpg","type":"image\/jpeg"}],"author":"Ahmed Amine Mchayaa","twitter_card":"summary_large_image","twitter_misc":{"\u05e0\u05db\u05ea\u05d1 \u05e2\u05dc \u05d9\u05d3":"Ahmed Amine Mchayaa","\u05d6\u05de\u05df \u05e7\u05e8\u05d9\u05d0\u05d4 \u05de\u05d5\u05e2\u05e8\u05da":"\u05d3\u05e7\u05d41"},"schema":{"@context":"https:\/\/schema.org","@graph":[{"@type":"Article","@id":"https:\/\/slegal.de\/he\/workshop-zur-arbeitszeiterfassung\/#article","isPartOf":{"@id":"https:\/\/slegal.de\/he\/workshop-zur-arbeitszeiterfassung\/"},"author":{"name":"Ahmed Amine Mchayaa","@id":"https:\/\/slegal.de\/en\/#\/schema\/person\/60d31e421a5014d578a9fa93c9089556"},"headline":"Workshop zur Arbeitszeiterfassung","datePublished":"2023-02-24T08:44:12+00:00","dateModified":"2023-02-24T08:47:23+00:00","mainEntityOfPage":{"@id":"https:\/\/slegal.de\/he\/workshop-zur-arbeitszeiterfassung\/"},"wordCount":74,"publisher":{"@id":"https:\/\/slegal.de\/en\/#organization"},"image":{"@id":"https:\/\/slegal.de\/he\/workshop-zur-arbeitszeiterfassung\/#primaryimage"},"thumbnailUrl":"https:\/\/slegal.de\/wp-content\/uploads\/2023\/02\/Employment-Law-scaled.jpg","keywords":["Arbeitsrecht"],"articleSection":["Employment Law"],"inLanguage":"he-IL"},{"@type":"WebPage","@id":"https:\/\/slegal.de\/he\/workshop-zur-arbeitszeiterfassung\/","url":"https:\/\/slegal.de\/he\/workshop-zur-arbeitszeiterfassung\/","name":"Workshop zur Arbeitszeiterfassung &#8211; Schwenke Sch\u00fctz","isPartOf":{"@id":"https:\/\/slegal.de\/en\/#website"},"primaryImageOfPage":{"@id":"https:\/\/slegal.de\/he\/workshop-zur-arbeitszeiterfassung\/#primaryimage"},"image":{"@id":"https:\/\/slegal.de\/he\/workshop-zur-arbeitszeiterfassung\/#primaryimage"},"thumbnailUrl":"https:\/\/slegal.de\/wp-content\/uploads\/2023\/02\/Employment-Law-scaled.jpg","datePublished":"2023-02-24T08:44:12+00:00","dateModified":"2023-02-24T08:47:23+00:00","breadcrumb":{"@id":"https:\/\/slegal.de\/he\/workshop-zur-arbeitszeiterfassung\/#breadcrumb"},"inLanguage":"he-IL","potentialAction":[{"@type":"ReadAction","target":["https:\/\/slegal.de\/he\/workshop-zur-arbeitszeiterfassung\/"]}]},{"@type":"ImageObject","inLanguage":"he-IL","@id":"https:\/\/slegal.de\/he\/workshop-zur-arbeitszeiterfassung\/#primaryimage","url":"https:\/\/slegal.de\/wp-content\/uploads\/2023\/02\/Employment-Law-scaled.jpg","contentUrl":"https:\/\/slegal.de\/wp-content\/uploads\/2023\/02\/Employment-Law-scaled.jpg","width":2560,"height":1707,"caption":"Legal advisor is explaining the offense under the law in the book at office."},{"@type":"BreadcrumbList","@id":"https:\/\/slegal.de\/he\/workshop-zur-arbeitszeiterfassung\/#breadcrumb","itemListElement":[{"@type":"ListItem","position":1,"name":"Startseite","item":"https:\/\/slegal.de\/he\/"},{"@type":"ListItem","position":2,"name":"Workshop zur Arbeitszeiterfassung"}]},{"@type":"WebSite","@id":"https:\/\/slegal.de\/en\/#website","url":"https:\/\/slegal.de\/en\/","name":"Schwenke Sch\u00fctz","description":"Rechtsanw\u00e4lte und Notare","publisher":{"@id":"https:\/\/slegal.de\/en\/#organization"},"potentialAction":[{"@type":"SearchAction","target":{"@type":"EntryPoint","urlTemplate":"https:\/\/slegal.de\/en\/?s={search_term_string}"},"query-input":{"@type":"PropertyValueSpecification","valueRequired":true,"valueName":"search_term_string"}}],"inLanguage":"he-IL"},{"@type":"Organization","@id":"https:\/\/slegal.de\/en\/#organization","name":"Schwenke Sch\u00fctz","url":"https:\/\/slegal.de\/en\/","logo":{"@type":"ImageObject","inLanguage":"he-IL","@id":"https:\/\/slegal.de\/en\/#\/schema\/logo\/image\/","url":"https:\/\/slegal.de\/wp-content\/uploads\/2017\/11\/logo-schwenke-schuetz.png","contentUrl":"https:\/\/slegal.de\/wp-content\/uploads\/2017\/11\/logo-schwenke-schuetz.png","width":370,"height":126,"caption":"Schwenke Sch\u00fctz"},"image":{"@id":"https:\/\/slegal.de\/en\/#\/schema\/logo\/image\/"},"sameAs":["https:\/\/www.linkedin.com\/company\/11433693\/"]},{"@type":"Person","@id":"https:\/\/slegal.de\/en\/#\/schema\/person\/60d31e421a5014d578a9fa93c9089556","name":"Ahmed Amine Mchayaa","image":{"@type":"ImageObject","inLanguage":"he-IL","@id":"https:\/\/secure.gravatar.com\/avatar\/509a1fe6b7a06a77d623bb38281b6f573efd61a2512de9be7cac54d6ee2e45c7?s=96&d=mm&r=g","url":"https:\/\/secure.gravatar.com\/avatar\/509a1fe6b7a06a77d623bb38281b6f573efd61a2512de9be7cac54d6ee2e45c7?s=96&d=mm&r=g","contentUrl":"https:\/\/secure.gravatar.com\/avatar\/509a1fe6b7a06a77d623bb38281b6f573efd61a2512de9be7cac54d6ee2e45c7?s=96&d=mm&r=g","caption":"Ahmed Amine Mchayaa"},"sameAs":["http:\/\/madev.de"]}]}},"_links":{"self":[{"href":"https:\/\/slegal.de\/he\/wp-json\/wp\/v2\/posts\/18703","targetHints":{"allow":["GET"]}}],"collection":[{"href":"https:\/\/slegal.de\/he\/wp-json\/wp\/v2\/posts"}],"about":[{"href":"https:\/\/slegal.de\/he\/wp-json\/wp\/v2\/types\/post"}],"author":[{"embeddable":true,"href":"https:\/\/slegal.de\/he\/wp-json\/wp\/v2\/users\/8"}],"replies":[{"embeddable":true,"href":"https:\/\/slegal.de\/he\/wp-json\/wp\/v2\/comments?post=18703"}],"version-history":[{"count":1,"href":"https:\/\/slegal.de\/he\/wp-json\/wp\/v2\/posts\/18703\/revisions"}],"predecessor-version":[{"id":18705,"href":"https:\/\/slegal.de\/he\/wp-json\/wp\/v2\/posts\/18703\/revisions\/18705"}],"wp:featuredmedia":[{"embeddable":true,"href":"https:\/\/slegal.de\/he\/wp-json\/wp\/v2\/media\/18700"}],"wp:attachment":[{"href":"https:\/\/slegal.de\/he\/wp-json\/wp\/v2\/media?parent=18703"}],"wp:term":[{"taxonomy":"category","embeddable":true,"href":"https:\/\/slegal.de\/he\/wp-json\/wp\/v2\/categories?post=18703"},{"taxonomy":"post_tag","embeddable":true,"href":"https:\/\/slegal.de\/he\/wp-json\/wp\/v2\/tags?post=18703"}],"curies":[{"name":"wp","href":"https:\/\/api.w.org\/{rel}","templated":true}]}}