{"id":11147,"date":"2022-06-09T12:00:10","date_gmt":"2022-06-09T10:00:10","guid":{"rendered":"https:\/\/slegal.de\/kooperation-mit-der-gruenderinnenzentrale\/"},"modified":"2022-06-09T12:00:10","modified_gmt":"2022-06-09T10:00:10","slug":"kooperation-mit-der-gruenderinnenzentrale","status":"publish","type":"post","link":"https:\/\/slegal.de\/he\/kooperation-mit-der-gruenderinnenzentrale\/","title":{"rendered":"Kooperation mit der Gr\u00fcnderinnenZentrale"},"content":{"rendered":"<p>Wir bauen unsere Beratung im Bereich Gr\u00fcndung und Start-Ups aus! Als Kooperationspartner der Gr\u00fcnderinnenZentrale in Berlin beraten und unterst\u00fctzen wir Gr\u00fcnderinnen beim Aufbau ihres eigenen Unternehmens in allen rechtlichen Belangen. Unsere Kollegin Frau Dr. Caroline Dressel wird insbesondere den Bereich Arbeitsrecht abdecken und die Gr\u00fcnderinnen von der ersten Zusammenarbeit mit anderen Personen bis zum Ende von Arbeitsverh\u00e4ltnissen begleiten. Wir sind gespannt auf viele neue Menschen und Ideen!\u201c<\/p>\n","protected":false},"excerpt":{"rendered":"<p>Wir bauen unsere Beratung im Bereich Gr\u00fcndung und Start-Ups aus! Als Kooperationspartner der Gr\u00fcnderinnenZentrale in Berlin beraten und unterst\u00fctzen wir Gr\u00fcnderinnen beim&#8230;<\/p>\n","protected":false},"author":8,"featured_media":11128,"comment_status":"open","ping_status":"open","sticky":false,"template":"","format":"standard","meta":{"_uf_show_specific_survey":0,"_uf_disable_surveys":false,"footnotes":""},"categories":[116],"tags":[],"class_list":["post-11147","post","type-post","status-publish","format-standard","has-post-thumbnail","hentry","category-general-he"],"aioseo_notices":[],"aioseo_head":"\n\t\t<!-- All in One SEO 5.0.0.1 - aioseo.com -->\n\t<meta name=\"description\" content=\"Wir bauen unsere Beratung im Bereich Gr\u00fcndung und Start-Ups aus! Als Kooperationspartner der Gr\u00fcnderinnenZentrale in Berlin beraten und unterst\u00fctzen wir Gr\u00fcnderinnen beim Aufbau ihres eigenen Unternehmens in allen rechtlichen Belangen. Unsere Kollegin Frau Dr. Caroline Dressel wird insbesondere den Bereich Arbeitsrecht abdecken und die Gr\u00fcnderinnen von der ersten Zusammenarbeit mit anderen Personen bis zum Ende\" \/>\n\t<meta name=\"robots\" content=\"max-image-preview:large\" \/>\n\t<meta name=\"author\" content=\"Ahmed Amine Mchayaa\"\/>\n\t<link rel=\"canonical\" href=\"https:\/\/slegal.de\/he\/kooperation-mit-der-gruenderinnenzentrale\/\" \/>\n\t<meta name=\"generator\" content=\"All in One SEO (AIOSEO) 5.0.0.1\" \/>\n\t\t<meta property=\"og:locale\" content=\"he_IL\" \/>\n\t\t<meta property=\"og:site_name\" content=\"Schwenke Sch\u00fctz - Rechtsanw\u00e4lte und Notare\" \/>\n\t\t<meta property=\"og:type\" content=\"article\" \/>\n\t\t<meta property=\"og:title\" content=\"Kooperation mit der Gr\u00fcnderinnenZentrale - Schwenke Sch\u00fctz\" \/>\n\t\t<meta property=\"og:description\" content=\"Wir bauen unsere Beratung im Bereich Gr\u00fcndung und Start-Ups aus! Als Kooperationspartner der Gr\u00fcnderinnenZentrale in Berlin beraten und unterst\u00fctzen wir Gr\u00fcnderinnen beim Aufbau ihres eigenen Unternehmens in allen rechtlichen Belangen. Unsere Kollegin Frau Dr. Caroline Dressel wird insbesondere den Bereich Arbeitsrecht abdecken und die Gr\u00fcnderinnen von der ersten Zusammenarbeit mit anderen Personen bis zum Ende\" \/>\n\t\t<meta property=\"og:url\" content=\"https:\/\/slegal.de\/he\/kooperation-mit-der-gruenderinnenzentrale\/\" \/>\n\t\t<meta property=\"article:published_time\" content=\"2022-06-09T10:00:10+00:00\" \/>\n\t\t<meta property=\"article:modified_time\" content=\"2022-06-09T10:00:10+00:00\" \/>\n\t\t<meta name=\"twitter:card\" content=\"summary_large_image\" \/>\n\t\t<meta name=\"twitter:title\" content=\"Kooperation mit der Gr\u00fcnderinnenZentrale - Schwenke Sch\u00fctz\" \/>\n\t\t<meta name=\"twitter:description\" content=\"Wir bauen unsere Beratung im Bereich Gr\u00fcndung und Start-Ups aus! Als Kooperationspartner der Gr\u00fcnderinnenZentrale in Berlin beraten und unterst\u00fctzen wir Gr\u00fcnderinnen beim Aufbau ihres eigenen Unternehmens in allen rechtlichen Belangen. Unsere Kollegin Frau Dr. Caroline Dressel wird insbesondere den Bereich Arbeitsrecht abdecken und die Gr\u00fcnderinnen von der ersten Zusammenarbeit mit anderen Personen bis zum Ende\" \/>\n\t\t<script type=\"application\/ld+json\" class=\"aioseo-schema\">\n\t\t\t{\"@context\":\"https:\\\/\\\/schema.org\",\"@graph\":[{\"@type\":\"BlogPosting\",\"@id\":\"https:\\\/\\\/slegal.de\\\/he\\\/kooperation-mit-der-gruenderinnenzentrale\\\/#blogposting\",\"name\":\"Kooperation mit der Gr\\u00fcnderinnenZentrale - Schwenke Sch\\u00fctz\",\"headline\":\"Kooperation mit der Gr\\u00fcnderinnenZentrale\",\"author\":{\"@id\":\"https:\\\/\\\/slegal.de\\\/he\\\/author\\\/mcamin\\\/#author\"},\"publisher\":{\"@id\":\"https:\\\/\\\/slegal.de\\\/he\\\/#organization\"},\"image\":{\"@type\":\"ImageObject\",\"url\":\"https:\\\/\\\/slegal.de\\\/wp-content\\\/uploads\\\/2022\\\/06\\\/New-Project-1.png\",\"width\":1920,\"height\":1080},\"datePublished\":\"2022-06-09T12:00:10+02:00\",\"dateModified\":\"2022-06-09T12:00:10+02:00\",\"inLanguage\":\"he-IL\",\"mainEntityOfPage\":{\"@id\":\"https:\\\/\\\/slegal.de\\\/he\\\/kooperation-mit-der-gruenderinnenzentrale\\\/#webpage\"},\"isPartOf\":{\"@id\":\"https:\\\/\\\/slegal.de\\\/he\\\/kooperation-mit-der-gruenderinnenzentrale\\\/#webpage\"},\"articleSection\":\"General, \\u05d0\\u05d5\\u05e4\\u05e6\\u05d9\\u05d5\\u05e0\\u05dc\\u05d9\"},{\"@type\":\"BreadcrumbList\",\"@id\":\"https:\\\/\\\/slegal.de\\\/he\\\/kooperation-mit-der-gruenderinnenzentrale\\\/#breadcrumblist\",\"itemListElement\":[{\"@type\":\"ListItem\",\"@id\":\"https:\\\/\\\/slegal.de\\\/he\\\/#listItem\",\"position\":1,\"name\":\"Home\",\"item\":\"https:\\\/\\\/slegal.de\\\/he\\\/\",\"nextItem\":{\"@type\":\"ListItem\",\"@id\":\"https:\\\/\\\/slegal.de\\\/he\\\/general-he\\\/#listItem\",\"name\":\"General\"}},{\"@type\":\"ListItem\",\"@id\":\"https:\\\/\\\/slegal.de\\\/he\\\/general-he\\\/#listItem\",\"position\":2,\"name\":\"General\",\"item\":\"https:\\\/\\\/slegal.de\\\/he\\\/general-he\\\/\",\"nextItem\":{\"@type\":\"ListItem\",\"@id\":\"https:\\\/\\\/slegal.de\\\/he\\\/kooperation-mit-der-gruenderinnenzentrale\\\/#listItem\",\"name\":\"Kooperation mit der Gr\\u00fcnderinnenZentrale\"},\"previousItem\":{\"@type\":\"ListItem\",\"@id\":\"https:\\\/\\\/slegal.de\\\/he\\\/#listItem\",\"name\":\"Home\"}},{\"@type\":\"ListItem\",\"@id\":\"https:\\\/\\\/slegal.de\\\/he\\\/kooperation-mit-der-gruenderinnenzentrale\\\/#listItem\",\"position\":3,\"name\":\"Kooperation mit der Gr\\u00fcnderinnenZentrale\",\"previousItem\":{\"@type\":\"ListItem\",\"@id\":\"https:\\\/\\\/slegal.de\\\/he\\\/general-he\\\/#listItem\",\"name\":\"General\"}}]},{\"@type\":\"Organization\",\"@id\":\"https:\\\/\\\/slegal.de\\\/he\\\/#organization\",\"name\":\"Schwenke Sch\\u00fctz\",\"description\":\"Rechtsanw\\u00e4lte und Notare\",\"url\":\"https:\\\/\\\/slegal.de\\\/he\\\/\"},{\"@type\":\"Person\",\"@id\":\"https:\\\/\\\/slegal.de\\\/he\\\/author\\\/mcamin\\\/#author\",\"url\":\"https:\\\/\\\/slegal.de\\\/he\\\/author\\\/mcamin\\\/\",\"name\":\"Ahmed Amine Mchayaa\",\"image\":{\"@type\":\"ImageObject\",\"@id\":\"https:\\\/\\\/slegal.de\\\/he\\\/kooperation-mit-der-gruenderinnenzentrale\\\/#authorImage\",\"url\":\"https:\\\/\\\/secure.gravatar.com\\\/avatar\\\/509a1fe6b7a06a77d623bb38281b6f573efd61a2512de9be7cac54d6ee2e45c7?s=96&d=mm&r=g\",\"width\":96,\"height\":96,\"caption\":\"Ahmed Amine Mchayaa\"}},{\"@type\":\"WebPage\",\"@id\":\"https:\\\/\\\/slegal.de\\\/he\\\/kooperation-mit-der-gruenderinnenzentrale\\\/#webpage\",\"url\":\"https:\\\/\\\/slegal.de\\\/he\\\/kooperation-mit-der-gruenderinnenzentrale\\\/\",\"name\":\"Kooperation mit der Gr\\u00fcnderinnenZentrale - Schwenke Sch\\u00fctz\",\"description\":\"Wir bauen unsere Beratung im Bereich Gr\\u00fcndung und Start-Ups aus! Als Kooperationspartner der Gr\\u00fcnderinnenZentrale in Berlin beraten und unterst\\u00fctzen wir Gr\\u00fcnderinnen beim Aufbau ihres eigenen Unternehmens in allen rechtlichen Belangen. Unsere Kollegin Frau Dr. Caroline Dressel wird insbesondere den Bereich Arbeitsrecht abdecken und die Gr\\u00fcnderinnen von der ersten Zusammenarbeit mit anderen Personen bis zum Ende\",\"inLanguage\":\"he-IL\",\"isPartOf\":{\"@id\":\"https:\\\/\\\/slegal.de\\\/he\\\/#website\"},\"breadcrumb\":{\"@id\":\"https:\\\/\\\/slegal.de\\\/he\\\/kooperation-mit-der-gruenderinnenzentrale\\\/#breadcrumblist\"},\"author\":{\"@id\":\"https:\\\/\\\/slegal.de\\\/he\\\/author\\\/mcamin\\\/#author\"},\"creator\":{\"@id\":\"https:\\\/\\\/slegal.de\\\/he\\\/author\\\/mcamin\\\/#author\"},\"image\":{\"@type\":\"ImageObject\",\"url\":\"https:\\\/\\\/slegal.de\\\/wp-content\\\/uploads\\\/2022\\\/06\\\/New-Project-1.png\",\"@id\":\"https:\\\/\\\/slegal.de\\\/he\\\/kooperation-mit-der-gruenderinnenzentrale\\\/#mainImage\",\"width\":1920,\"height\":1080},\"primaryImageOfPage\":{\"@id\":\"https:\\\/\\\/slegal.de\\\/he\\\/kooperation-mit-der-gruenderinnenzentrale\\\/#mainImage\"},\"datePublished\":\"2022-06-09T12:00:10+02:00\",\"dateModified\":\"2022-06-09T12:00:10+02:00\"},{\"@type\":\"WebSite\",\"@id\":\"https:\\\/\\\/slegal.de\\\/he\\\/#website\",\"url\":\"https:\\\/\\\/slegal.de\\\/he\\\/\",\"name\":\"Schwenke Sch\\u00fctz\",\"description\":\"Rechtsanw\\u00e4lte und Notare\",\"inLanguage\":\"he-IL\",\"publisher\":{\"@id\":\"https:\\\/\\\/slegal.de\\\/he\\\/#organization\"}}]}\n\t\t<\/script>\n\t\t<!-- All in One SEO -->\n\n","aioseo_head_json":{"title":"Kooperation mit der Gr\u00fcnderinnenZentrale - Schwenke Sch\u00fctz","description":"Wir bauen unsere Beratung im Bereich Gr\u00fcndung und Start-Ups aus! Als Kooperationspartner der Gr\u00fcnderinnenZentrale in Berlin beraten und unterst\u00fctzen wir Gr\u00fcnderinnen beim Aufbau ihres eigenen Unternehmens in allen rechtlichen Belangen. Unsere Kollegin Frau Dr. Caroline Dressel wird insbesondere den Bereich Arbeitsrecht abdecken und die Gr\u00fcnderinnen von der ersten Zusammenarbeit mit anderen Personen bis zum Ende","canonical_url":"https:\/\/slegal.de\/he\/kooperation-mit-der-gruenderinnenzentrale\/","robots":"max-image-preview:large","keywords":"","webmasterTools":{"miscellaneous":""},"schema":{"@context":"https:\/\/schema.org","@graph":[{"@type":"BlogPosting","@id":"https:\/\/slegal.de\/he\/kooperation-mit-der-gruenderinnenzentrale\/#blogposting","name":"Kooperation mit der Gr\u00fcnderinnenZentrale - Schwenke Sch\u00fctz","headline":"Kooperation mit der Gr\u00fcnderinnenZentrale","author":{"@id":"https:\/\/slegal.de\/he\/author\/mcamin\/#author"},"publisher":{"@id":"https:\/\/slegal.de\/he\/#organization"},"image":{"@type":"ImageObject","url":"https:\/\/slegal.de\/wp-content\/uploads\/2022\/06\/New-Project-1.png","width":1920,"height":1080},"datePublished":"2022-06-09T12:00:10+02:00","dateModified":"2022-06-09T12:00:10+02:00","inLanguage":"he-IL","mainEntityOfPage":{"@id":"https:\/\/slegal.de\/he\/kooperation-mit-der-gruenderinnenzentrale\/#webpage"},"isPartOf":{"@id":"https:\/\/slegal.de\/he\/kooperation-mit-der-gruenderinnenzentrale\/#webpage"},"articleSection":"General, \u05d0\u05d5\u05e4\u05e6\u05d9\u05d5\u05e0\u05dc\u05d9"},{"@type":"BreadcrumbList","@id":"https:\/\/slegal.de\/he\/kooperation-mit-der-gruenderinnenzentrale\/#breadcrumblist","itemListElement":[{"@type":"ListItem","@id":"https:\/\/slegal.de\/he\/#listItem","position":1,"name":"Home","item":"https:\/\/slegal.de\/he\/","nextItem":{"@type":"ListItem","@id":"https:\/\/slegal.de\/he\/general-he\/#listItem","name":"General"}},{"@type":"ListItem","@id":"https:\/\/slegal.de\/he\/general-he\/#listItem","position":2,"name":"General","item":"https:\/\/slegal.de\/he\/general-he\/","nextItem":{"@type":"ListItem","@id":"https:\/\/slegal.de\/he\/kooperation-mit-der-gruenderinnenzentrale\/#listItem","name":"Kooperation mit der Gr\u00fcnderinnenZentrale"},"previousItem":{"@type":"ListItem","@id":"https:\/\/slegal.de\/he\/#listItem","name":"Home"}},{"@type":"ListItem","@id":"https:\/\/slegal.de\/he\/kooperation-mit-der-gruenderinnenzentrale\/#listItem","position":3,"name":"Kooperation mit der Gr\u00fcnderinnenZentrale","previousItem":{"@type":"ListItem","@id":"https:\/\/slegal.de\/he\/general-he\/#listItem","name":"General"}}]},{"@type":"Organization","@id":"https:\/\/slegal.de\/he\/#organization","name":"Schwenke Sch\u00fctz","description":"Rechtsanw\u00e4lte und Notare","url":"https:\/\/slegal.de\/he\/"},{"@type":"Person","@id":"https:\/\/slegal.de\/he\/author\/mcamin\/#author","url":"https:\/\/slegal.de\/he\/author\/mcamin\/","name":"Ahmed Amine Mchayaa","image":{"@type":"ImageObject","@id":"https:\/\/slegal.de\/he\/kooperation-mit-der-gruenderinnenzentrale\/#authorImage","url":"https:\/\/secure.gravatar.com\/avatar\/509a1fe6b7a06a77d623bb38281b6f573efd61a2512de9be7cac54d6ee2e45c7?s=96&d=mm&r=g","width":96,"height":96,"caption":"Ahmed Amine Mchayaa"}},{"@type":"WebPage","@id":"https:\/\/slegal.de\/he\/kooperation-mit-der-gruenderinnenzentrale\/#webpage","url":"https:\/\/slegal.de\/he\/kooperation-mit-der-gruenderinnenzentrale\/","name":"Kooperation mit der Gr\u00fcnderinnenZentrale - Schwenke Sch\u00fctz","description":"Wir bauen unsere Beratung im Bereich Gr\u00fcndung und Start-Ups aus! Als Kooperationspartner der Gr\u00fcnderinnenZentrale in Berlin beraten und unterst\u00fctzen wir Gr\u00fcnderinnen beim Aufbau ihres eigenen Unternehmens in allen rechtlichen Belangen. Unsere Kollegin Frau Dr. Caroline Dressel wird insbesondere den Bereich Arbeitsrecht abdecken und die Gr\u00fcnderinnen von der ersten Zusammenarbeit mit anderen Personen bis zum Ende","inLanguage":"he-IL","isPartOf":{"@id":"https:\/\/slegal.de\/he\/#website"},"breadcrumb":{"@id":"https:\/\/slegal.de\/he\/kooperation-mit-der-gruenderinnenzentrale\/#breadcrumblist"},"author":{"@id":"https:\/\/slegal.de\/he\/author\/mcamin\/#author"},"creator":{"@id":"https:\/\/slegal.de\/he\/author\/mcamin\/#author"},"image":{"@type":"ImageObject","url":"https:\/\/slegal.de\/wp-content\/uploads\/2022\/06\/New-Project-1.png","@id":"https:\/\/slegal.de\/he\/kooperation-mit-der-gruenderinnenzentrale\/#mainImage","width":1920,"height":1080},"primaryImageOfPage":{"@id":"https:\/\/slegal.de\/he\/kooperation-mit-der-gruenderinnenzentrale\/#mainImage"},"datePublished":"2022-06-09T12:00:10+02:00","dateModified":"2022-06-09T12:00:10+02:00"},{"@type":"WebSite","@id":"https:\/\/slegal.de\/he\/#website","url":"https:\/\/slegal.de\/he\/","name":"Schwenke Sch\u00fctz","description":"Rechtsanw\u00e4lte und Notare","inLanguage":"he-IL","publisher":{"@id":"https:\/\/slegal.de\/he\/#organization"}}]},"og:locale":"he_IL","og:site_name":"Schwenke Sch\u00fctz - Rechtsanw\u00e4lte und Notare","og:type":"article","og:title":"Kooperation mit der Gr\u00fcnderinnenZentrale - Schwenke Sch\u00fctz","og:description":"Wir bauen unsere Beratung im Bereich Gr\u00fcndung und Start-Ups aus! Als Kooperationspartner der Gr\u00fcnderinnenZentrale in Berlin beraten und unterst\u00fctzen wir Gr\u00fcnderinnen beim Aufbau ihres eigenen Unternehmens in allen rechtlichen Belangen. Unsere Kollegin Frau Dr. Caroline Dressel wird insbesondere den Bereich Arbeitsrecht abdecken und die Gr\u00fcnderinnen von der ersten Zusammenarbeit mit anderen Personen bis zum Ende","og:url":"https:\/\/slegal.de\/he\/kooperation-mit-der-gruenderinnenzentrale\/","article:published_time":"2022-06-09T10:00:10+00:00","article:modified_time":"2022-06-09T10:00:10+00:00","twitter:card":"summary_large_image","twitter:title":"Kooperation mit der Gr\u00fcnderinnenZentrale - Schwenke Sch\u00fctz","twitter:description":"Wir bauen unsere Beratung im Bereich Gr\u00fcndung und Start-Ups aus! Als Kooperationspartner der Gr\u00fcnderinnenZentrale in Berlin beraten und unterst\u00fctzen wir Gr\u00fcnderinnen beim Aufbau ihres eigenen Unternehmens in allen rechtlichen Belangen. Unsere Kollegin Frau Dr. Caroline Dressel wird insbesondere den Bereich Arbeitsrecht abdecken und die Gr\u00fcnderinnen von der ersten Zusammenarbeit mit anderen Personen bis zum Ende"},"aioseo_meta_data":{"post_id":"11147","title":null,"description":null,"keywords":null,"keyphrases":null,"primary_term":null,"canonical_url":null,"og_title":null,"og_description":null,"og_object_type":"default","og_image_type":"default","og_image_url":null,"og_image_width":null,"og_image_height":null,"og_image_custom_url":null,"og_image_custom_fields":null,"og_video":null,"og_custom_url":null,"og_article_section":null,"og_article_tags":null,"twitter_use_og":false,"twitter_card":"default","twitter_image_type":"default","twitter_image_url":null,"twitter_image_custom_url":null,"twitter_image_custom_fields":null,"twitter_title":null,"twitter_description":null,"schema":{"blockGraphs":[],"customGraphs":[],"default":{"data":{"Article":[],"Course":[],"Dataset":[],"FAQPage":[],"Movie":[],"Person":[],"Product":[],"ProductReview":[],"Car":[],"Recipe":[],"Service":[],"SoftwareApplication":[],"WebPage":[]},"graphName":"","isEnabled":true},"graphs":[]},"schema_type":"default","schema_type_options":null,"pillar_content":false,"robots_default":true,"robots_noindex":false,"robots_noarchive":false,"robots_nosnippet":false,"robots_nofollow":false,"robots_noimageindex":false,"robots_noodp":false,"robots_notranslate":false,"robots_max_snippet":null,"robots_max_videopreview":null,"robots_max_imagepreview":"large","priority":null,"frequency":null,"local_seo":null,"breadcrumb_settings":null,"limit_modified_date":false,"ai":null,"created":"2023-06-02 20:41:07","updated":"2025-06-15 20:51:22","seo_analyzer_scan_date":null,"focus_keyword":null,"additional_keywords":null,"truseo_locale":null},"aioseo_breadcrumb":"<div class=\"aioseo-breadcrumbs\"><span class=\"aioseo-breadcrumb\">\n\t\t\t<a href=\"https:\/\/slegal.de\/he\/\" title=\"Home\">Home<\/a>\n\t\t<\/span><span class=\"aioseo-breadcrumb-separator\">&raquo;<\/span><span class=\"aioseo-breadcrumb\">\n\t\t\t<a href=\"https:\/\/slegal.de\/he\/general-he\/\" title=\"General\">General<\/a>\n\t\t<\/span><span class=\"aioseo-breadcrumb-separator\">&raquo;<\/span><span class=\"aioseo-breadcrumb\">\n\t\t\tKooperation mit der Gr\u00fcnderinnenZentrale\n\t\t<\/span><\/div>","aioseo_breadcrumb_json":[{"label":"Home","link":"https:\/\/slegal.de\/he\/"},{"label":"General","link":"https:\/\/slegal.de\/he\/general-he\/"},{"label":"Kooperation mit der Gr\u00fcnderinnenZentrale","link":"https:\/\/slegal.de\/he\/kooperation-mit-der-gruenderinnenzentrale\/"}],"yoast_head":"<!-- This site is optimized with the Yoast SEO plugin v28.1 - https:\/\/yoast.com\/product\/yoast-seo-wordpress\/ -->\n<title>Kooperation mit der Gr\u00fcnderinnenZentrale &#8211; Schwenke Sch\u00fctz<\/title>\n<meta name=\"robots\" content=\"index, follow, max-snippet:-1, max-image-preview:large, max-video-preview:-1\" \/>\n<link rel=\"canonical\" href=\"https:\/\/slegal.de\/he\/kooperation-mit-der-gruenderinnenzentrale\/\" \/>\n<meta property=\"og:locale\" content=\"he_IL\" \/>\n<meta property=\"og:type\" content=\"article\" \/>\n<meta property=\"og:title\" content=\"Kooperation mit der Gr\u00fcnderinnenZentrale &#8211; Schwenke Sch\u00fctz\" \/>\n<meta property=\"og:description\" content=\"Wir bauen unsere Beratung im Bereich Gr\u00fcndung und Start-Ups aus! Als Kooperationspartner der Gr\u00fcnderinnenZentrale in Berlin beraten und unterst\u00fctzen wir Gr\u00fcnderinnen beim...\" \/>\n<meta property=\"og:url\" content=\"https:\/\/slegal.de\/he\/kooperation-mit-der-gruenderinnenzentrale\/\" \/>\n<meta property=\"og:site_name\" content=\"Schwenke Sch\u00fctz\" \/>\n<meta property=\"article:published_time\" content=\"2022-06-09T10:00:10+00:00\" \/>\n<meta property=\"og:image\" content=\"https:\/\/slegal.de\/wp-content\/uploads\/2022\/06\/New-Project-1.png\" \/>\n\t<meta property=\"og:image:width\" content=\"1920\" \/>\n\t<meta property=\"og:image:height\" content=\"1080\" \/>\n\t<meta property=\"og:image:type\" content=\"image\/png\" \/>\n<meta name=\"author\" content=\"Ahmed Amine Mchayaa\" \/>\n<meta name=\"twitter:card\" content=\"summary_large_image\" \/>\n<meta name=\"twitter:label1\" content=\"\u05e0\u05db\u05ea\u05d1 \u05e2\u05dc \u05d9\u05d3\" \/>\n\t<meta name=\"twitter:data1\" content=\"Ahmed Amine Mchayaa\" \/>\n<script type=\"application\/ld+json\" class=\"yoast-schema-graph\">{\"@context\":\"https:\\\/\\\/schema.org\",\"@graph\":[{\"@type\":\"Article\",\"@id\":\"https:\\\/\\\/slegal.de\\\/he\\\/kooperation-mit-der-gruenderinnenzentrale\\\/#article\",\"isPartOf\":{\"@id\":\"https:\\\/\\\/slegal.de\\\/he\\\/kooperation-mit-der-gruenderinnenzentrale\\\/\"},\"author\":{\"name\":\"Ahmed Amine Mchayaa\",\"@id\":\"https:\\\/\\\/slegal.de\\\/en\\\/#\\\/schema\\\/person\\\/60d31e421a5014d578a9fa93c9089556\"},\"headline\":\"Kooperation mit der Gr\u00fcnderinnenZentrale\",\"datePublished\":\"2022-06-09T10:00:10+00:00\",\"mainEntityOfPage\":{\"@id\":\"https:\\\/\\\/slegal.de\\\/he\\\/kooperation-mit-der-gruenderinnenzentrale\\\/\"},\"wordCount\":78,\"commentCount\":0,\"publisher\":{\"@id\":\"https:\\\/\\\/slegal.de\\\/en\\\/#organization\"},\"image\":{\"@id\":\"https:\\\/\\\/slegal.de\\\/he\\\/kooperation-mit-der-gruenderinnenzentrale\\\/#primaryimage\"},\"thumbnailUrl\":\"https:\\\/\\\/slegal.de\\\/wp-content\\\/uploads\\\/2022\\\/06\\\/New-Project-1.png\",\"articleSection\":[\"General\"],\"inLanguage\":\"he-IL\",\"potentialAction\":[{\"@type\":\"CommentAction\",\"name\":\"Comment\",\"target\":[\"https:\\\/\\\/slegal.de\\\/he\\\/kooperation-mit-der-gruenderinnenzentrale\\\/#respond\"]}]},{\"@type\":\"WebPage\",\"@id\":\"https:\\\/\\\/slegal.de\\\/he\\\/kooperation-mit-der-gruenderinnenzentrale\\\/\",\"url\":\"https:\\\/\\\/slegal.de\\\/he\\\/kooperation-mit-der-gruenderinnenzentrale\\\/\",\"name\":\"Kooperation mit der Gr\u00fcnderinnenZentrale &#8211; Schwenke Sch\u00fctz\",\"isPartOf\":{\"@id\":\"https:\\\/\\\/slegal.de\\\/en\\\/#website\"},\"primaryImageOfPage\":{\"@id\":\"https:\\\/\\\/slegal.de\\\/he\\\/kooperation-mit-der-gruenderinnenzentrale\\\/#primaryimage\"},\"image\":{\"@id\":\"https:\\\/\\\/slegal.de\\\/he\\\/kooperation-mit-der-gruenderinnenzentrale\\\/#primaryimage\"},\"thumbnailUrl\":\"https:\\\/\\\/slegal.de\\\/wp-content\\\/uploads\\\/2022\\\/06\\\/New-Project-1.png\",\"datePublished\":\"2022-06-09T10:00:10+00:00\",\"breadcrumb\":{\"@id\":\"https:\\\/\\\/slegal.de\\\/he\\\/kooperation-mit-der-gruenderinnenzentrale\\\/#breadcrumb\"},\"inLanguage\":\"he-IL\",\"potentialAction\":[{\"@type\":\"ReadAction\",\"target\":[\"https:\\\/\\\/slegal.de\\\/he\\\/kooperation-mit-der-gruenderinnenzentrale\\\/\"]}]},{\"@type\":\"ImageObject\",\"inLanguage\":\"he-IL\",\"@id\":\"https:\\\/\\\/slegal.de\\\/he\\\/kooperation-mit-der-gruenderinnenzentrale\\\/#primaryimage\",\"url\":\"https:\\\/\\\/slegal.de\\\/wp-content\\\/uploads\\\/2022\\\/06\\\/New-Project-1.png\",\"contentUrl\":\"https:\\\/\\\/slegal.de\\\/wp-content\\\/uploads\\\/2022\\\/06\\\/New-Project-1.png\",\"width\":1920,\"height\":1080},{\"@type\":\"BreadcrumbList\",\"@id\":\"https:\\\/\\\/slegal.de\\\/he\\\/kooperation-mit-der-gruenderinnenzentrale\\\/#breadcrumb\",\"itemListElement\":[{\"@type\":\"ListItem\",\"position\":1,\"name\":\"Startseite\",\"item\":\"https:\\\/\\\/slegal.de\\\/he\\\/\"},{\"@type\":\"ListItem\",\"position\":2,\"name\":\"Kooperation mit der Gr\u00fcnderinnenZentrale\"}]},{\"@type\":\"WebSite\",\"@id\":\"https:\\\/\\\/slegal.de\\\/en\\\/#website\",\"url\":\"https:\\\/\\\/slegal.de\\\/en\\\/\",\"name\":\"Schwenke Sch\u00fctz\",\"description\":\"Rechtsanw\u00e4lte und Notare\",\"publisher\":{\"@id\":\"https:\\\/\\\/slegal.de\\\/en\\\/#organization\"},\"potentialAction\":[{\"@type\":\"SearchAction\",\"target\":{\"@type\":\"EntryPoint\",\"urlTemplate\":\"https:\\\/\\\/slegal.de\\\/en\\\/?s={search_term_string}\"},\"query-input\":{\"@type\":\"PropertyValueSpecification\",\"valueRequired\":true,\"valueName\":\"search_term_string\"}}],\"inLanguage\":\"he-IL\"},{\"@type\":\"Organization\",\"@id\":\"https:\\\/\\\/slegal.de\\\/en\\\/#organization\",\"name\":\"Schwenke Sch\u00fctz\",\"url\":\"https:\\\/\\\/slegal.de\\\/en\\\/\",\"logo\":{\"@type\":\"ImageObject\",\"inLanguage\":\"he-IL\",\"@id\":\"https:\\\/\\\/slegal.de\\\/en\\\/#\\\/schema\\\/logo\\\/image\\\/\",\"url\":\"https:\\\/\\\/slegal.de\\\/wp-content\\\/uploads\\\/2017\\\/11\\\/logo-schwenke-schuetz.png\",\"contentUrl\":\"https:\\\/\\\/slegal.de\\\/wp-content\\\/uploads\\\/2017\\\/11\\\/logo-schwenke-schuetz.png\",\"width\":370,\"height\":126,\"caption\":\"Schwenke Sch\u00fctz\"},\"image\":{\"@id\":\"https:\\\/\\\/slegal.de\\\/en\\\/#\\\/schema\\\/logo\\\/image\\\/\"},\"sameAs\":[\"https:\\\/\\\/www.linkedin.com\\\/company\\\/11433693\\\/\"]},{\"@type\":\"Person\",\"@id\":\"https:\\\/\\\/slegal.de\\\/en\\\/#\\\/schema\\\/person\\\/60d31e421a5014d578a9fa93c9089556\",\"name\":\"Ahmed Amine Mchayaa\",\"image\":{\"@type\":\"ImageObject\",\"inLanguage\":\"he-IL\",\"@id\":\"https:\\\/\\\/secure.gravatar.com\\\/avatar\\\/509a1fe6b7a06a77d623bb38281b6f573efd61a2512de9be7cac54d6ee2e45c7?s=96&d=mm&r=g\",\"url\":\"https:\\\/\\\/secure.gravatar.com\\\/avatar\\\/509a1fe6b7a06a77d623bb38281b6f573efd61a2512de9be7cac54d6ee2e45c7?s=96&d=mm&r=g\",\"contentUrl\":\"https:\\\/\\\/secure.gravatar.com\\\/avatar\\\/509a1fe6b7a06a77d623bb38281b6f573efd61a2512de9be7cac54d6ee2e45c7?s=96&d=mm&r=g\",\"caption\":\"Ahmed Amine Mchayaa\"},\"sameAs\":[\"http:\\\/\\\/madev.de\"]}]}<\/script>\n<!-- \/ Yoast SEO plugin. -->","yoast_head_json":{"title":"Kooperation mit der Gr\u00fcnderinnenZentrale &#8211; Schwenke Sch\u00fctz","robots":{"index":"index","follow":"follow","max-snippet":"max-snippet:-1","max-image-preview":"max-image-preview:large","max-video-preview":"max-video-preview:-1"},"canonical":"https:\/\/slegal.de\/he\/kooperation-mit-der-gruenderinnenzentrale\/","og_locale":"he_IL","og_type":"article","og_title":"Kooperation mit der Gr\u00fcnderinnenZentrale &#8211; Schwenke Sch\u00fctz","og_description":"Wir bauen unsere Beratung im Bereich Gr\u00fcndung und Start-Ups aus! Als Kooperationspartner der Gr\u00fcnderinnenZentrale in Berlin beraten und unterst\u00fctzen wir Gr\u00fcnderinnen beim...","og_url":"https:\/\/slegal.de\/he\/kooperation-mit-der-gruenderinnenzentrale\/","og_site_name":"Schwenke Sch\u00fctz","article_published_time":"2022-06-09T10:00:10+00:00","og_image":[{"width":1920,"height":1080,"url":"https:\/\/slegal.de\/wp-content\/uploads\/2022\/06\/New-Project-1.png","type":"image\/png"}],"author":"Ahmed Amine Mchayaa","twitter_card":"summary_large_image","twitter_misc":{"\u05e0\u05db\u05ea\u05d1 \u05e2\u05dc \u05d9\u05d3":"Ahmed Amine Mchayaa"},"schema":{"@context":"https:\/\/schema.org","@graph":[{"@type":"Article","@id":"https:\/\/slegal.de\/he\/kooperation-mit-der-gruenderinnenzentrale\/#article","isPartOf":{"@id":"https:\/\/slegal.de\/he\/kooperation-mit-der-gruenderinnenzentrale\/"},"author":{"name":"Ahmed Amine Mchayaa","@id":"https:\/\/slegal.de\/en\/#\/schema\/person\/60d31e421a5014d578a9fa93c9089556"},"headline":"Kooperation mit der Gr\u00fcnderinnenZentrale","datePublished":"2022-06-09T10:00:10+00:00","mainEntityOfPage":{"@id":"https:\/\/slegal.de\/he\/kooperation-mit-der-gruenderinnenzentrale\/"},"wordCount":78,"commentCount":0,"publisher":{"@id":"https:\/\/slegal.de\/en\/#organization"},"image":{"@id":"https:\/\/slegal.de\/he\/kooperation-mit-der-gruenderinnenzentrale\/#primaryimage"},"thumbnailUrl":"https:\/\/slegal.de\/wp-content\/uploads\/2022\/06\/New-Project-1.png","articleSection":["General"],"inLanguage":"he-IL","potentialAction":[{"@type":"CommentAction","name":"Comment","target":["https:\/\/slegal.de\/he\/kooperation-mit-der-gruenderinnenzentrale\/#respond"]}]},{"@type":"WebPage","@id":"https:\/\/slegal.de\/he\/kooperation-mit-der-gruenderinnenzentrale\/","url":"https:\/\/slegal.de\/he\/kooperation-mit-der-gruenderinnenzentrale\/","name":"Kooperation mit der Gr\u00fcnderinnenZentrale &#8211; Schwenke Sch\u00fctz","isPartOf":{"@id":"https:\/\/slegal.de\/en\/#website"},"primaryImageOfPage":{"@id":"https:\/\/slegal.de\/he\/kooperation-mit-der-gruenderinnenzentrale\/#primaryimage"},"image":{"@id":"https:\/\/slegal.de\/he\/kooperation-mit-der-gruenderinnenzentrale\/#primaryimage"},"thumbnailUrl":"https:\/\/slegal.de\/wp-content\/uploads\/2022\/06\/New-Project-1.png","datePublished":"2022-06-09T10:00:10+00:00","breadcrumb":{"@id":"https:\/\/slegal.de\/he\/kooperation-mit-der-gruenderinnenzentrale\/#breadcrumb"},"inLanguage":"he-IL","potentialAction":[{"@type":"ReadAction","target":["https:\/\/slegal.de\/he\/kooperation-mit-der-gruenderinnenzentrale\/"]}]},{"@type":"ImageObject","inLanguage":"he-IL","@id":"https:\/\/slegal.de\/he\/kooperation-mit-der-gruenderinnenzentrale\/#primaryimage","url":"https:\/\/slegal.de\/wp-content\/uploads\/2022\/06\/New-Project-1.png","contentUrl":"https:\/\/slegal.de\/wp-content\/uploads\/2022\/06\/New-Project-1.png","width":1920,"height":1080},{"@type":"BreadcrumbList","@id":"https:\/\/slegal.de\/he\/kooperation-mit-der-gruenderinnenzentrale\/#breadcrumb","itemListElement":[{"@type":"ListItem","position":1,"name":"Startseite","item":"https:\/\/slegal.de\/he\/"},{"@type":"ListItem","position":2,"name":"Kooperation mit der Gr\u00fcnderinnenZentrale"}]},{"@type":"WebSite","@id":"https:\/\/slegal.de\/en\/#website","url":"https:\/\/slegal.de\/en\/","name":"Schwenke Sch\u00fctz","description":"Rechtsanw\u00e4lte und Notare","publisher":{"@id":"https:\/\/slegal.de\/en\/#organization"},"potentialAction":[{"@type":"SearchAction","target":{"@type":"EntryPoint","urlTemplate":"https:\/\/slegal.de\/en\/?s={search_term_string}"},"query-input":{"@type":"PropertyValueSpecification","valueRequired":true,"valueName":"search_term_string"}}],"inLanguage":"he-IL"},{"@type":"Organization","@id":"https:\/\/slegal.de\/en\/#organization","name":"Schwenke Sch\u00fctz","url":"https:\/\/slegal.de\/en\/","logo":{"@type":"ImageObject","inLanguage":"he-IL","@id":"https:\/\/slegal.de\/en\/#\/schema\/logo\/image\/","url":"https:\/\/slegal.de\/wp-content\/uploads\/2017\/11\/logo-schwenke-schuetz.png","contentUrl":"https:\/\/slegal.de\/wp-content\/uploads\/2017\/11\/logo-schwenke-schuetz.png","width":370,"height":126,"caption":"Schwenke Sch\u00fctz"},"image":{"@id":"https:\/\/slegal.de\/en\/#\/schema\/logo\/image\/"},"sameAs":["https:\/\/www.linkedin.com\/company\/11433693\/"]},{"@type":"Person","@id":"https:\/\/slegal.de\/en\/#\/schema\/person\/60d31e421a5014d578a9fa93c9089556","name":"Ahmed Amine Mchayaa","image":{"@type":"ImageObject","inLanguage":"he-IL","@id":"https:\/\/secure.gravatar.com\/avatar\/509a1fe6b7a06a77d623bb38281b6f573efd61a2512de9be7cac54d6ee2e45c7?s=96&d=mm&r=g","url":"https:\/\/secure.gravatar.com\/avatar\/509a1fe6b7a06a77d623bb38281b6f573efd61a2512de9be7cac54d6ee2e45c7?s=96&d=mm&r=g","contentUrl":"https:\/\/secure.gravatar.com\/avatar\/509a1fe6b7a06a77d623bb38281b6f573efd61a2512de9be7cac54d6ee2e45c7?s=96&d=mm&r=g","caption":"Ahmed Amine Mchayaa"},"sameAs":["http:\/\/madev.de"]}]}},"_links":{"self":[{"href":"https:\/\/slegal.de\/he\/wp-json\/wp\/v2\/posts\/11147","targetHints":{"allow":["GET"]}}],"collection":[{"href":"https:\/\/slegal.de\/he\/wp-json\/wp\/v2\/posts"}],"about":[{"href":"https:\/\/slegal.de\/he\/wp-json\/wp\/v2\/types\/post"}],"author":[{"embeddable":true,"href":"https:\/\/slegal.de\/he\/wp-json\/wp\/v2\/users\/8"}],"replies":[{"embeddable":true,"href":"https:\/\/slegal.de\/he\/wp-json\/wp\/v2\/comments?post=11147"}],"version-history":[{"count":0,"href":"https:\/\/slegal.de\/he\/wp-json\/wp\/v2\/posts\/11147\/revisions"}],"wp:featuredmedia":[{"embeddable":true,"href":"https:\/\/slegal.de\/he\/wp-json\/wp\/v2\/media\/11128"}],"wp:attachment":[{"href":"https:\/\/slegal.de\/he\/wp-json\/wp\/v2\/media?parent=11147"}],"wp:term":[{"taxonomy":"category","embeddable":true,"href":"https:\/\/slegal.de\/he\/wp-json\/wp\/v2\/categories?post=11147"},{"taxonomy":"post_tag","embeddable":true,"href":"https:\/\/slegal.de\/he\/wp-json\/wp\/v2\/tags?post=11147"}],"curies":[{"name":"wp","href":"https:\/\/api.w.org\/{rel}","templated":true}]}}