{"id":12058,"date":"2022-07-08T13:37:41","date_gmt":"2022-07-08T11:37:41","guid":{"rendered":"https:\/\/slegal.de\/ritt-durchs-arbeitsrecht\/"},"modified":"2022-07-08T13:37:46","modified_gmt":"2022-07-08T11:37:46","slug":"ritt-durchs-arbeitsrecht","status":"publish","type":"post","link":"https:\/\/slegal.de\/en\/ritt-durchs-arbeitsrecht\/","title":{"rendered":"Ritt durchs Arbeitsrecht"},"content":{"rendered":"<p style=\"font-weight: 400;\" data-mce-style=\"font-weight: 400;\">Es ist zwar noch eine Weile hin, aber alle&nbsp;<a href=\"https:\/\/www.linkedin.com\/feed\/hashtag\/?keywords=gr%C3%BCnder&amp;highlightedUpdateUrns=urn%3Ali%3Aactivity%3A6951079472456466432\" data-saferedirecturl=\"https:\/\/www.google.com\/url?q=https:\/\/www.linkedin.com\/feed\/hashtag\/?keywords%3Dgr%25C3%25BCnder%26highlightedUpdateUrns%3Durn%253Ali%253Aactivity%253A6951079472456466432&amp;source=gmail&amp;ust=1657365631655000&amp;usg=AOvVaw3Q6FGvxRs-OV_GSraMNgEh\" data-mce-href=\"https:\/\/www.linkedin.com\/feed\/hashtag\/?keywords=gr%C3%BCnder&amp;highlightedUpdateUrns=urn%3Ali%3Aactivity%3A6951079472456466432\"><u>Gr\u00fcnder<\/u><\/a>*innen,&nbsp;<a href=\"https:\/\/www.linkedin.com\/feed\/hashtag\/?keywords=startups&amp;highlightedUpdateUrns=urn%3Ali%3Aactivity%3A6951079472456466432\" data-saferedirecturl=\"https:\/\/www.google.com\/url?q=https:\/\/www.linkedin.com\/feed\/hashtag\/?keywords%3Dstartups%26highlightedUpdateUrns%3Durn%253Ali%253Aactivity%253A6951079472456466432&amp;source=gmail&amp;ust=1657365631655000&amp;usg=AOvVaw0K_fVBHim8AbZ6FTAgKShS\" data-mce-href=\"https:\/\/www.linkedin.com\/feed\/hashtag\/?keywords=startups&amp;highlightedUpdateUrns=urn%3Ali%3Aactivity%3A6951079472456466432\"><u>Startups<\/u><\/a>&nbsp;und junge&nbsp;<a href=\"https:\/\/www.linkedin.com\/feed\/hashtag\/?keywords=unternehmen&amp;highlightedUpdateUrns=urn%3Ali%3Aactivity%3A6951079472456466432\" data-saferedirecturl=\"https:\/\/www.google.com\/url?q=https:\/\/www.linkedin.com\/feed\/hashtag\/?keywords%3Dunternehmen%26highlightedUpdateUrns%3Durn%253Ali%253Aactivity%253A6951079472456466432&amp;source=gmail&amp;ust=1657365631655000&amp;usg=AOvVaw0BMXVJy_RQBMm01XWzkvm5\" data-mce-href=\"https:\/\/www.linkedin.com\/feed\/hashtag\/?keywords=unternehmen&amp;highlightedUpdateUrns=urn%3Ali%3Aactivity%3A6951079472456466432\"><u>Unternehmen<\/u><\/a>&nbsp;gerne vormerken:<\/p>\n<p>Am 25. Oktober 2022 h\u00e4lt unsere Kollegin&nbsp;<a href=\"https:\/\/www.linkedin.com\/in\/ACoAABne0FQB209CBTNufie9MV4j8KtrcPIogqY\" data-saferedirecturl=\"https:\/\/www.google.com\/url?q=https:\/\/www.linkedin.com\/in\/ACoAABne0FQB209CBTNufie9MV4j8KtrcPIogqY&amp;source=gmail&amp;ust=1657365631655000&amp;usg=AOvVaw0DT6vU62557RBRDTQ3M0gb\" data-mce-href=\"https:\/\/www.linkedin.com\/in\/ACoAABne0FQB209CBTNufie9MV4j8KtrcPIogqY\"><u>Dr. Caroline Dressel, LL.M.<\/u><\/a>&nbsp;in Kooperation mit dem&nbsp;<a href=\"https:\/\/www.linkedin.com\/company\/business-angels-netzwerk-deutschland-e-v-band\/\" data-saferedirecturl=\"https:\/\/www.google.com\/url?q=https:\/\/www.linkedin.com\/company\/business-angels-netzwerk-deutschland-e-v-band\/&amp;source=gmail&amp;ust=1657365631655000&amp;usg=AOvVaw3Lq_VQUIhvYqS5lFVOGi-b\" data-mce-href=\"https:\/\/www.linkedin.com\/company\/business-angels-netzwerk-deutschland-e-v-band\/\"><u>Business Angels Netzwerk Deutschland e.V. (BAND)<\/u><\/a>&nbsp;einen Vortrag zum Thema<\/p>\n<p>&#8220;Ritt durchs Arbeitsrecht angesichts neuer Herausforderungen im Rahmen der Digitalisierung&#8221;<\/p>\n<p style=\"font-weight: 400;\" data-mce-style=\"font-weight: 400;\">Dabei&nbsp;sollen die wichtigsten Grundlagen aus dem Arbeitsrecht erl\u00e4utert werden, und viel wichtiger: Es werden hilfreiche Tipps zur Vertragsgestaltung gegeben. Selbstverst\u00e4ndlich liegt der Schwerpunkt auf den Fragestellungen, die f\u00fcr Start-Ups und junge Unternehmen relevant sind, z.B. die Gestaltung flexibler Arbeitszeiten, die Befristung von Arbeitsverh\u00e4ltnissen, die Anstellung von Minijobber*innen oder die Abgrenzung zur Scheinselbstst\u00e4ndigkeit. Dabei wird vor allem dargestellt, wie Start-Ups ihre digitale Arbeitsweise und -organisation mit den \u2013 etwas veralteten \u2013 gesetzlichen Regelungen in Einklang bringen k\u00f6nnen.<\/p>\n<p>Gerne anmelden (<a href=\"https:\/\/www.business-angels.de\/events\/bandakademie-ritt-durchs-arbeitsrecht-angesichts-neuer-herausforderungen-im-rahmen-der-digitalisierung\/\" data-saferedirecturl=\"https:\/\/www.google.com\/url?q=https:\/\/www.business-angels.de\/events\/bandakademie-ritt-durchs-arbeitsrecht-angesichts-neuer-herausforderungen-im-rahmen-der-digitalisierung\/&amp;source=gmail&amp;ust=1657365631656000&amp;usg=AOvVaw3wYmorKNH9ihhv4X2w1NPU\" data-mce-href=\"https:\/\/www.business-angels.de\/events\/bandakademie-ritt-durchs-arbeitsrecht-angesichts-neuer-herausforderungen-im-rahmen-der-digitalisierung\/\">https:\/\/www.business-angels.de\/events\/bandakademie-ritt-durchs-arbeitsrecht-angesichts-neuer-herausforderungen-im-rahmen-der-digitalisierung\/<\/a>) und Fragen stellen!<\/p>\n","protected":false},"excerpt":{"rendered":"<p>Es ist zwar noch eine Weile hin, aber alle&nbsp;Gr\u00fcnder*innen,&nbsp;Startups&nbsp;und junge&nbsp;Unternehmen&nbsp;gerne vormerken: Am 25. Oktober 2022 h\u00e4lt unsere Kollegin&nbsp;Dr. Caroline Dressel, LL.M.&nbsp;in Kooperation&#8230;<\/p>\n","protected":false},"author":8,"featured_media":12056,"comment_status":"open","ping_status":"open","sticky":false,"template":"","format":"standard","meta":{"_uf_show_specific_survey":0,"_uf_disable_surveys":false,"footnotes":""},"categories":[122],"tags":[132],"class_list":["post-12058","post","type-post","status-publish","format-standard","has-post-thumbnail","hentry","category-employment-law","tag-employment-law"],"aioseo_notices":[],"aioseo_head":"\n\t\t<!-- All in One SEO 5.0.0.1 - aioseo.com -->\n\t<meta name=\"description\" content=\"Es ist zwar noch eine Weile hin, aber alle Gr\u00fcnder*innen, Startups und junge Unternehmen gerne vormerken:Am 25. Oktober 2022 h\u00e4lt unsere Kollegin Dr. Caroline Dressel, LL.M. in Kooperation mit dem Business Angels Netzwerk Deutschland e.V. (BAND) einen Vortrag zum Thema&quot;Ritt durchs Arbeitsrecht angesichts neuer Herausforderungen im Rahmen der Digitalisierung&quot;Dabei sollen die wichtigsten Grundlagen aus dem Arbeitsrecht erl\u00e4utert werden, und viel wichtiger: Es werden hilfreiche Tipps\" \/>\n\t<meta name=\"robots\" content=\"max-image-preview:large\" \/>\n\t<meta name=\"author\" content=\"Ahmed Amine Mchayaa\"\/>\n\t<link rel=\"canonical\" href=\"https:\/\/slegal.de\/en\/ritt-durchs-arbeitsrecht\/\" \/>\n\t<meta name=\"generator\" content=\"All in One SEO (AIOSEO) 5.0.0.1\" \/>\n\t\t<meta property=\"og:locale\" content=\"en_US\" \/>\n\t\t<meta property=\"og:site_name\" content=\"Schwenke Sch\u00fctz - Rechtsanw\u00e4lte und Notare\" \/>\n\t\t<meta property=\"og:type\" content=\"article\" \/>\n\t\t<meta property=\"og:title\" content=\"Ritt durchs Arbeitsrecht - Schwenke Sch\u00fctz\" \/>\n\t\t<meta property=\"og:description\" content=\"Es ist zwar noch eine Weile hin, aber alle Gr\u00fcnder*innen, Startups und junge Unternehmen gerne vormerken:Am 25. Oktober 2022 h\u00e4lt unsere Kollegin Dr. Caroline Dressel, LL.M. in Kooperation mit dem Business Angels Netzwerk Deutschland e.V. (BAND) einen Vortrag zum Thema&quot;Ritt durchs Arbeitsrecht angesichts neuer Herausforderungen im Rahmen der Digitalisierung&quot;Dabei sollen die wichtigsten Grundlagen aus dem Arbeitsrecht erl\u00e4utert werden, und viel wichtiger: Es werden hilfreiche Tipps\" \/>\n\t\t<meta property=\"og:url\" content=\"https:\/\/slegal.de\/en\/ritt-durchs-arbeitsrecht\/\" \/>\n\t\t<meta property=\"article:published_time\" content=\"2022-07-08T11:37:41+00:00\" \/>\n\t\t<meta property=\"article:modified_time\" content=\"2022-07-08T11:37:46+00:00\" \/>\n\t\t<meta name=\"twitter:card\" content=\"summary_large_image\" \/>\n\t\t<meta name=\"twitter:title\" content=\"Ritt durchs Arbeitsrecht - Schwenke Sch\u00fctz\" \/>\n\t\t<meta name=\"twitter:description\" content=\"Es ist zwar noch eine Weile hin, aber alle Gr\u00fcnder*innen, Startups und junge Unternehmen gerne vormerken:Am 25. Oktober 2022 h\u00e4lt unsere Kollegin Dr. Caroline Dressel, LL.M. in Kooperation mit dem Business Angels Netzwerk Deutschland e.V. (BAND) einen Vortrag zum Thema&quot;Ritt durchs Arbeitsrecht angesichts neuer Herausforderungen im Rahmen der Digitalisierung&quot;Dabei sollen die wichtigsten Grundlagen aus dem Arbeitsrecht erl\u00e4utert werden, und viel wichtiger: Es werden hilfreiche Tipps\" \/>\n\t\t<script type=\"application\/ld+json\" class=\"aioseo-schema\">\n\t\t\t{\"@context\":\"https:\\\/\\\/schema.org\",\"@graph\":[{\"@type\":\"BlogPosting\",\"@id\":\"https:\\\/\\\/slegal.de\\\/en\\\/ritt-durchs-arbeitsrecht\\\/#blogposting\",\"name\":\"Ritt durchs Arbeitsrecht - Schwenke Sch\\u00fctz\",\"headline\":\"Ritt durchs Arbeitsrecht\",\"author\":{\"@id\":\"https:\\\/\\\/slegal.de\\\/en\\\/author\\\/mcamin\\\/#author\"},\"publisher\":{\"@id\":\"https:\\\/\\\/slegal.de\\\/en\\\/#organization\"},\"image\":{\"@type\":\"ImageObject\",\"url\":\"https:\\\/\\\/slegal.de\\\/wp-content\\\/uploads\\\/2022\\\/07\\\/business-people-working-digitally-2021-09-02-06-04-19-utc-min-scaled.jpg\",\"width\":2560,\"height\":1280},\"datePublished\":\"2022-07-08T13:37:41+02:00\",\"dateModified\":\"2022-07-08T13:37:46+02:00\",\"inLanguage\":\"en-US\",\"mainEntityOfPage\":{\"@id\":\"https:\\\/\\\/slegal.de\\\/en\\\/ritt-durchs-arbeitsrecht\\\/#webpage\"},\"isPartOf\":{\"@id\":\"https:\\\/\\\/slegal.de\\\/en\\\/ritt-durchs-arbeitsrecht\\\/#webpage\"},\"articleSection\":\"Employment Law, Employment Law, Optional\"},{\"@type\":\"BreadcrumbList\",\"@id\":\"https:\\\/\\\/slegal.de\\\/en\\\/ritt-durchs-arbeitsrecht\\\/#breadcrumblist\",\"itemListElement\":[{\"@type\":\"ListItem\",\"@id\":\"https:\\\/\\\/slegal.de\\\/en\\\/#listItem\",\"position\":1,\"name\":\"Home\",\"item\":\"https:\\\/\\\/slegal.de\\\/en\\\/\",\"nextItem\":{\"@type\":\"ListItem\",\"@id\":\"https:\\\/\\\/slegal.de\\\/en\\\/employment-law\\\/#listItem\",\"name\":\"Employment Law\"}},{\"@type\":\"ListItem\",\"@id\":\"https:\\\/\\\/slegal.de\\\/en\\\/employment-law\\\/#listItem\",\"position\":2,\"name\":\"Employment Law\",\"item\":\"https:\\\/\\\/slegal.de\\\/en\\\/employment-law\\\/\",\"nextItem\":{\"@type\":\"ListItem\",\"@id\":\"https:\\\/\\\/slegal.de\\\/en\\\/ritt-durchs-arbeitsrecht\\\/#listItem\",\"name\":\"Ritt durchs Arbeitsrecht\"},\"previousItem\":{\"@type\":\"ListItem\",\"@id\":\"https:\\\/\\\/slegal.de\\\/en\\\/#listItem\",\"name\":\"Home\"}},{\"@type\":\"ListItem\",\"@id\":\"https:\\\/\\\/slegal.de\\\/en\\\/ritt-durchs-arbeitsrecht\\\/#listItem\",\"position\":3,\"name\":\"Ritt durchs Arbeitsrecht\",\"previousItem\":{\"@type\":\"ListItem\",\"@id\":\"https:\\\/\\\/slegal.de\\\/en\\\/employment-law\\\/#listItem\",\"name\":\"Employment Law\"}}]},{\"@type\":\"Organization\",\"@id\":\"https:\\\/\\\/slegal.de\\\/en\\\/#organization\",\"name\":\"Schwenke Sch\\u00fctz\",\"description\":\"Rechtsanw\\u00e4lte und Notare\",\"url\":\"https:\\\/\\\/slegal.de\\\/en\\\/\"},{\"@type\":\"Person\",\"@id\":\"https:\\\/\\\/slegal.de\\\/en\\\/author\\\/mcamin\\\/#author\",\"url\":\"https:\\\/\\\/slegal.de\\\/en\\\/author\\\/mcamin\\\/\",\"name\":\"Ahmed Amine Mchayaa\",\"image\":{\"@type\":\"ImageObject\",\"@id\":\"https:\\\/\\\/slegal.de\\\/en\\\/ritt-durchs-arbeitsrecht\\\/#authorImage\",\"url\":\"https:\\\/\\\/secure.gravatar.com\\\/avatar\\\/509a1fe6b7a06a77d623bb38281b6f573efd61a2512de9be7cac54d6ee2e45c7?s=96&d=mm&r=g\",\"width\":96,\"height\":96,\"caption\":\"Ahmed Amine Mchayaa\"}},{\"@type\":\"WebPage\",\"@id\":\"https:\\\/\\\/slegal.de\\\/en\\\/ritt-durchs-arbeitsrecht\\\/#webpage\",\"url\":\"https:\\\/\\\/slegal.de\\\/en\\\/ritt-durchs-arbeitsrecht\\\/\",\"name\":\"Ritt durchs Arbeitsrecht - Schwenke Sch\\u00fctz\",\"description\":\"Es ist zwar noch eine Weile hin, aber alle Gr\\u00fcnder*innen, Startups und junge Unternehmen gerne vormerken:Am 25. Oktober 2022 h\\u00e4lt unsere Kollegin Dr. Caroline Dressel, LL.M. in Kooperation mit dem Business Angels Netzwerk Deutschland e.V. (BAND) einen Vortrag zum Thema\\\"Ritt durchs Arbeitsrecht angesichts neuer Herausforderungen im Rahmen der Digitalisierung\\\"Dabei sollen die wichtigsten Grundlagen aus dem Arbeitsrecht erl\\u00e4utert werden, und viel wichtiger: Es werden hilfreiche Tipps\",\"inLanguage\":\"en-US\",\"isPartOf\":{\"@id\":\"https:\\\/\\\/slegal.de\\\/en\\\/#website\"},\"breadcrumb\":{\"@id\":\"https:\\\/\\\/slegal.de\\\/en\\\/ritt-durchs-arbeitsrecht\\\/#breadcrumblist\"},\"author\":{\"@id\":\"https:\\\/\\\/slegal.de\\\/en\\\/author\\\/mcamin\\\/#author\"},\"creator\":{\"@id\":\"https:\\\/\\\/slegal.de\\\/en\\\/author\\\/mcamin\\\/#author\"},\"image\":{\"@type\":\"ImageObject\",\"url\":\"https:\\\/\\\/slegal.de\\\/wp-content\\\/uploads\\\/2022\\\/07\\\/business-people-working-digitally-2021-09-02-06-04-19-utc-min-scaled.jpg\",\"@id\":\"https:\\\/\\\/slegal.de\\\/en\\\/ritt-durchs-arbeitsrecht\\\/#mainImage\",\"width\":2560,\"height\":1280},\"primaryImageOfPage\":{\"@id\":\"https:\\\/\\\/slegal.de\\\/en\\\/ritt-durchs-arbeitsrecht\\\/#mainImage\"},\"datePublished\":\"2022-07-08T13:37:41+02:00\",\"dateModified\":\"2022-07-08T13:37:46+02:00\"},{\"@type\":\"WebSite\",\"@id\":\"https:\\\/\\\/slegal.de\\\/en\\\/#website\",\"url\":\"https:\\\/\\\/slegal.de\\\/en\\\/\",\"name\":\"Schwenke Sch\\u00fctz\",\"description\":\"Rechtsanw\\u00e4lte und Notare\",\"inLanguage\":\"en-US\",\"publisher\":{\"@id\":\"https:\\\/\\\/slegal.de\\\/en\\\/#organization\"}}]}\n\t\t<\/script>\n\t\t<!-- All in One SEO -->\n\n","aioseo_head_json":{"title":"Ritt durchs Arbeitsrecht - Schwenke Sch\u00fctz","description":"Es ist zwar noch eine Weile hin, aber alle Gr\u00fcnder*innen, Startups und junge Unternehmen gerne vormerken:Am 25. Oktober 2022 h\u00e4lt unsere Kollegin Dr. Caroline Dressel, LL.M. in Kooperation mit dem Business Angels Netzwerk Deutschland e.V. (BAND) einen Vortrag zum Thema\"Ritt durchs Arbeitsrecht angesichts neuer Herausforderungen im Rahmen der Digitalisierung\"Dabei sollen die wichtigsten Grundlagen aus dem Arbeitsrecht erl\u00e4utert werden, und viel wichtiger: Es werden hilfreiche Tipps","canonical_url":"https:\/\/slegal.de\/en\/ritt-durchs-arbeitsrecht\/","robots":"max-image-preview:large","keywords":"","webmasterTools":{"miscellaneous":""},"schema":{"@context":"https:\/\/schema.org","@graph":[{"@type":"BlogPosting","@id":"https:\/\/slegal.de\/en\/ritt-durchs-arbeitsrecht\/#blogposting","name":"Ritt durchs Arbeitsrecht - Schwenke Sch\u00fctz","headline":"Ritt durchs Arbeitsrecht","author":{"@id":"https:\/\/slegal.de\/en\/author\/mcamin\/#author"},"publisher":{"@id":"https:\/\/slegal.de\/en\/#organization"},"image":{"@type":"ImageObject","url":"https:\/\/slegal.de\/wp-content\/uploads\/2022\/07\/business-people-working-digitally-2021-09-02-06-04-19-utc-min-scaled.jpg","width":2560,"height":1280},"datePublished":"2022-07-08T13:37:41+02:00","dateModified":"2022-07-08T13:37:46+02:00","inLanguage":"en-US","mainEntityOfPage":{"@id":"https:\/\/slegal.de\/en\/ritt-durchs-arbeitsrecht\/#webpage"},"isPartOf":{"@id":"https:\/\/slegal.de\/en\/ritt-durchs-arbeitsrecht\/#webpage"},"articleSection":"Employment Law, Employment Law, Optional"},{"@type":"BreadcrumbList","@id":"https:\/\/slegal.de\/en\/ritt-durchs-arbeitsrecht\/#breadcrumblist","itemListElement":[{"@type":"ListItem","@id":"https:\/\/slegal.de\/en\/#listItem","position":1,"name":"Home","item":"https:\/\/slegal.de\/en\/","nextItem":{"@type":"ListItem","@id":"https:\/\/slegal.de\/en\/employment-law\/#listItem","name":"Employment Law"}},{"@type":"ListItem","@id":"https:\/\/slegal.de\/en\/employment-law\/#listItem","position":2,"name":"Employment Law","item":"https:\/\/slegal.de\/en\/employment-law\/","nextItem":{"@type":"ListItem","@id":"https:\/\/slegal.de\/en\/ritt-durchs-arbeitsrecht\/#listItem","name":"Ritt durchs Arbeitsrecht"},"previousItem":{"@type":"ListItem","@id":"https:\/\/slegal.de\/en\/#listItem","name":"Home"}},{"@type":"ListItem","@id":"https:\/\/slegal.de\/en\/ritt-durchs-arbeitsrecht\/#listItem","position":3,"name":"Ritt durchs Arbeitsrecht","previousItem":{"@type":"ListItem","@id":"https:\/\/slegal.de\/en\/employment-law\/#listItem","name":"Employment Law"}}]},{"@type":"Organization","@id":"https:\/\/slegal.de\/en\/#organization","name":"Schwenke Sch\u00fctz","description":"Rechtsanw\u00e4lte und Notare","url":"https:\/\/slegal.de\/en\/"},{"@type":"Person","@id":"https:\/\/slegal.de\/en\/author\/mcamin\/#author","url":"https:\/\/slegal.de\/en\/author\/mcamin\/","name":"Ahmed Amine Mchayaa","image":{"@type":"ImageObject","@id":"https:\/\/slegal.de\/en\/ritt-durchs-arbeitsrecht\/#authorImage","url":"https:\/\/secure.gravatar.com\/avatar\/509a1fe6b7a06a77d623bb38281b6f573efd61a2512de9be7cac54d6ee2e45c7?s=96&d=mm&r=g","width":96,"height":96,"caption":"Ahmed Amine Mchayaa"}},{"@type":"WebPage","@id":"https:\/\/slegal.de\/en\/ritt-durchs-arbeitsrecht\/#webpage","url":"https:\/\/slegal.de\/en\/ritt-durchs-arbeitsrecht\/","name":"Ritt durchs Arbeitsrecht - Schwenke Sch\u00fctz","description":"Es ist zwar noch eine Weile hin, aber alle Gr\u00fcnder*innen, Startups und junge Unternehmen gerne vormerken:Am 25. Oktober 2022 h\u00e4lt unsere Kollegin Dr. Caroline Dressel, LL.M. in Kooperation mit dem Business Angels Netzwerk Deutschland e.V. (BAND) einen Vortrag zum Thema\"Ritt durchs Arbeitsrecht angesichts neuer Herausforderungen im Rahmen der Digitalisierung\"Dabei sollen die wichtigsten Grundlagen aus dem Arbeitsrecht erl\u00e4utert werden, und viel wichtiger: Es werden hilfreiche Tipps","inLanguage":"en-US","isPartOf":{"@id":"https:\/\/slegal.de\/en\/#website"},"breadcrumb":{"@id":"https:\/\/slegal.de\/en\/ritt-durchs-arbeitsrecht\/#breadcrumblist"},"author":{"@id":"https:\/\/slegal.de\/en\/author\/mcamin\/#author"},"creator":{"@id":"https:\/\/slegal.de\/en\/author\/mcamin\/#author"},"image":{"@type":"ImageObject","url":"https:\/\/slegal.de\/wp-content\/uploads\/2022\/07\/business-people-working-digitally-2021-09-02-06-04-19-utc-min-scaled.jpg","@id":"https:\/\/slegal.de\/en\/ritt-durchs-arbeitsrecht\/#mainImage","width":2560,"height":1280},"primaryImageOfPage":{"@id":"https:\/\/slegal.de\/en\/ritt-durchs-arbeitsrecht\/#mainImage"},"datePublished":"2022-07-08T13:37:41+02:00","dateModified":"2022-07-08T13:37:46+02:00"},{"@type":"WebSite","@id":"https:\/\/slegal.de\/en\/#website","url":"https:\/\/slegal.de\/en\/","name":"Schwenke Sch\u00fctz","description":"Rechtsanw\u00e4lte und Notare","inLanguage":"en-US","publisher":{"@id":"https:\/\/slegal.de\/en\/#organization"}}]},"og:locale":"en_US","og:site_name":"Schwenke Sch\u00fctz - Rechtsanw\u00e4lte und Notare","og:type":"article","og:title":"Ritt durchs Arbeitsrecht - Schwenke Sch\u00fctz","og:description":"Es ist zwar noch eine Weile hin, aber alle Gr\u00fcnder*innen, Startups und junge Unternehmen gerne vormerken:Am 25. Oktober 2022 h\u00e4lt unsere Kollegin Dr. Caroline Dressel, LL.M. in Kooperation mit dem Business Angels Netzwerk Deutschland e.V. (BAND) einen Vortrag zum Thema&quot;Ritt durchs Arbeitsrecht angesichts neuer Herausforderungen im Rahmen der Digitalisierung&quot;Dabei sollen die wichtigsten Grundlagen aus dem Arbeitsrecht erl\u00e4utert werden, und viel wichtiger: Es werden hilfreiche Tipps","og:url":"https:\/\/slegal.de\/en\/ritt-durchs-arbeitsrecht\/","article:published_time":"2022-07-08T11:37:41+00:00","article:modified_time":"2022-07-08T11:37:46+00:00","twitter:card":"summary_large_image","twitter:title":"Ritt durchs Arbeitsrecht - Schwenke Sch\u00fctz","twitter:description":"Es ist zwar noch eine Weile hin, aber alle Gr\u00fcnder*innen, Startups und junge Unternehmen gerne vormerken:Am 25. Oktober 2022 h\u00e4lt unsere Kollegin Dr. Caroline Dressel, LL.M. in Kooperation mit dem Business Angels Netzwerk Deutschland e.V. (BAND) einen Vortrag zum Thema&quot;Ritt durchs Arbeitsrecht angesichts neuer Herausforderungen im Rahmen der Digitalisierung&quot;Dabei sollen die wichtigsten Grundlagen aus dem Arbeitsrecht erl\u00e4utert werden, und viel wichtiger: Es werden hilfreiche Tipps"},"aioseo_meta_data":{"post_id":"12058","title":null,"description":null,"keywords":null,"keyphrases":null,"primary_term":null,"canonical_url":null,"og_title":null,"og_description":null,"og_object_type":"default","og_image_type":"default","og_image_url":null,"og_image_width":null,"og_image_height":null,"og_image_custom_url":null,"og_image_custom_fields":null,"og_video":null,"og_custom_url":null,"og_article_section":null,"og_article_tags":null,"twitter_use_og":false,"twitter_card":"default","twitter_image_type":"default","twitter_image_url":null,"twitter_image_custom_url":null,"twitter_image_custom_fields":null,"twitter_title":null,"twitter_description":null,"schema":{"blockGraphs":[],"customGraphs":[],"default":{"data":{"Article":[],"Course":[],"Dataset":[],"FAQPage":[],"Movie":[],"Person":[],"Product":[],"ProductReview":[],"Car":[],"Recipe":[],"Service":[],"SoftwareApplication":[],"WebPage":[]},"graphName":"","isEnabled":true},"graphs":[]},"schema_type":"default","schema_type_options":null,"pillar_content":false,"robots_default":true,"robots_noindex":false,"robots_noarchive":false,"robots_nosnippet":false,"robots_nofollow":false,"robots_noimageindex":false,"robots_noodp":false,"robots_notranslate":false,"robots_max_snippet":null,"robots_max_videopreview":null,"robots_max_imagepreview":"large","priority":null,"frequency":null,"local_seo":null,"breadcrumb_settings":null,"limit_modified_date":false,"ai":null,"created":"2023-06-02 20:50:10","updated":"2025-06-15 21:01:50","seo_analyzer_scan_date":null,"focus_keyword":null,"additional_keywords":null,"truseo_locale":null},"aioseo_breadcrumb":"<div class=\"aioseo-breadcrumbs\"><span class=\"aioseo-breadcrumb\">\n\t\t\t<a href=\"https:\/\/slegal.de\/en\/\" title=\"Home\">Home<\/a>\n\t\t<\/span><span class=\"aioseo-breadcrumb-separator\">&raquo;<\/span><span class=\"aioseo-breadcrumb\">\n\t\t\t<a href=\"https:\/\/slegal.de\/en\/employment-law\/\" title=\"Employment Law\">Employment Law<\/a>\n\t\t<\/span><span class=\"aioseo-breadcrumb-separator\">&raquo;<\/span><span class=\"aioseo-breadcrumb\">\n\t\t\tRitt durchs Arbeitsrecht\n\t\t<\/span><\/div>","aioseo_breadcrumb_json":[{"label":"Home","link":"https:\/\/slegal.de\/en\/"},{"label":"Employment Law","link":"https:\/\/slegal.de\/en\/employment-law\/"},{"label":"Ritt durchs Arbeitsrecht","link":"https:\/\/slegal.de\/en\/ritt-durchs-arbeitsrecht\/"}],"yoast_head":"<!-- This site is optimized with the Yoast SEO plugin v28.1 - https:\/\/yoast.com\/product\/yoast-seo-wordpress\/ -->\n<title>Ritt durchs Arbeitsrecht &#8211; Schwenke Sch\u00fctz<\/title>\n<meta name=\"robots\" content=\"index, follow, max-snippet:-1, max-image-preview:large, max-video-preview:-1\" \/>\n<link rel=\"canonical\" href=\"https:\/\/slegal.de\/en\/ritt-durchs-arbeitsrecht\/\" \/>\n<meta property=\"og:locale\" content=\"en_US\" \/>\n<meta property=\"og:type\" content=\"article\" \/>\n<meta property=\"og:title\" content=\"Ritt durchs Arbeitsrecht &#8211; Schwenke Sch\u00fctz\" \/>\n<meta property=\"og:description\" content=\"Es ist zwar noch eine Weile hin, aber alle&nbsp;Gr\u00fcnder*innen,&nbsp;Startups&nbsp;und junge&nbsp;Unternehmen&nbsp;gerne vormerken: Am 25. Oktober 2022 h\u00e4lt unsere Kollegin&nbsp;Dr. Caroline Dressel, LL.M.&nbsp;in Kooperation...\" \/>\n<meta property=\"og:url\" content=\"https:\/\/slegal.de\/en\/ritt-durchs-arbeitsrecht\/\" \/>\n<meta property=\"og:site_name\" content=\"Schwenke Sch\u00fctz\" \/>\n<meta property=\"article:published_time\" content=\"2022-07-08T11:37:41+00:00\" \/>\n<meta property=\"article:modified_time\" content=\"2022-07-08T11:37:46+00:00\" \/>\n<meta property=\"og:image\" content=\"https:\/\/slegal.de\/wp-content\/uploads\/2022\/07\/business-people-working-digitally-2021-09-02-06-04-19-utc-min-scaled.jpg\" \/>\n\t<meta property=\"og:image:width\" content=\"2560\" \/>\n\t<meta property=\"og:image:height\" content=\"1280\" \/>\n\t<meta property=\"og:image:type\" content=\"image\/jpeg\" \/>\n<meta name=\"author\" content=\"Ahmed Amine Mchayaa\" \/>\n<meta name=\"twitter:card\" content=\"summary_large_image\" \/>\n<meta name=\"twitter:label1\" content=\"Written by\" \/>\n\t<meta name=\"twitter:data1\" content=\"Ahmed Amine Mchayaa\" \/>\n\t<meta name=\"twitter:label2\" content=\"Est. reading time\" \/>\n\t<meta name=\"twitter:data2\" content=\"1 minute\" \/>\n<script type=\"application\/ld+json\" class=\"yoast-schema-graph\">{\"@context\":\"https:\\\/\\\/schema.org\",\"@graph\":[{\"@type\":\"Article\",\"@id\":\"https:\\\/\\\/slegal.de\\\/en\\\/ritt-durchs-arbeitsrecht\\\/#article\",\"isPartOf\":{\"@id\":\"https:\\\/\\\/slegal.de\\\/en\\\/ritt-durchs-arbeitsrecht\\\/\"},\"author\":{\"name\":\"Ahmed Amine Mchayaa\",\"@id\":\"https:\\\/\\\/slegal.de\\\/en\\\/#\\\/schema\\\/person\\\/60d31e421a5014d578a9fa93c9089556\"},\"headline\":\"Ritt durchs Arbeitsrecht\",\"datePublished\":\"2022-07-08T11:37:41+00:00\",\"dateModified\":\"2022-07-08T11:37:46+00:00\",\"mainEntityOfPage\":{\"@id\":\"https:\\\/\\\/slegal.de\\\/en\\\/ritt-durchs-arbeitsrecht\\\/\"},\"wordCount\":161,\"commentCount\":0,\"publisher\":{\"@id\":\"https:\\\/\\\/slegal.de\\\/en\\\/#organization\"},\"image\":{\"@id\":\"https:\\\/\\\/slegal.de\\\/en\\\/ritt-durchs-arbeitsrecht\\\/#primaryimage\"},\"thumbnailUrl\":\"https:\\\/\\\/slegal.de\\\/wp-content\\\/uploads\\\/2022\\\/07\\\/business-people-working-digitally-2021-09-02-06-04-19-utc-min-scaled.jpg\",\"keywords\":[\"Employment Law\"],\"articleSection\":[\"Employment Law\"],\"inLanguage\":\"en-US\",\"potentialAction\":[{\"@type\":\"CommentAction\",\"name\":\"Comment\",\"target\":[\"https:\\\/\\\/slegal.de\\\/en\\\/ritt-durchs-arbeitsrecht\\\/#respond\"]}]},{\"@type\":\"WebPage\",\"@id\":\"https:\\\/\\\/slegal.de\\\/en\\\/ritt-durchs-arbeitsrecht\\\/\",\"url\":\"https:\\\/\\\/slegal.de\\\/en\\\/ritt-durchs-arbeitsrecht\\\/\",\"name\":\"Ritt durchs Arbeitsrecht &#8211; Schwenke Sch\u00fctz\",\"isPartOf\":{\"@id\":\"https:\\\/\\\/slegal.de\\\/en\\\/#website\"},\"primaryImageOfPage\":{\"@id\":\"https:\\\/\\\/slegal.de\\\/en\\\/ritt-durchs-arbeitsrecht\\\/#primaryimage\"},\"image\":{\"@id\":\"https:\\\/\\\/slegal.de\\\/en\\\/ritt-durchs-arbeitsrecht\\\/#primaryimage\"},\"thumbnailUrl\":\"https:\\\/\\\/slegal.de\\\/wp-content\\\/uploads\\\/2022\\\/07\\\/business-people-working-digitally-2021-09-02-06-04-19-utc-min-scaled.jpg\",\"datePublished\":\"2022-07-08T11:37:41+00:00\",\"dateModified\":\"2022-07-08T11:37:46+00:00\",\"breadcrumb\":{\"@id\":\"https:\\\/\\\/slegal.de\\\/en\\\/ritt-durchs-arbeitsrecht\\\/#breadcrumb\"},\"inLanguage\":\"en-US\",\"potentialAction\":[{\"@type\":\"ReadAction\",\"target\":[\"https:\\\/\\\/slegal.de\\\/en\\\/ritt-durchs-arbeitsrecht\\\/\"]}]},{\"@type\":\"ImageObject\",\"inLanguage\":\"en-US\",\"@id\":\"https:\\\/\\\/slegal.de\\\/en\\\/ritt-durchs-arbeitsrecht\\\/#primaryimage\",\"url\":\"https:\\\/\\\/slegal.de\\\/wp-content\\\/uploads\\\/2022\\\/07\\\/business-people-working-digitally-2021-09-02-06-04-19-utc-min-scaled.jpg\",\"contentUrl\":\"https:\\\/\\\/slegal.de\\\/wp-content\\\/uploads\\\/2022\\\/07\\\/business-people-working-digitally-2021-09-02-06-04-19-utc-min-scaled.jpg\",\"width\":2560,\"height\":1280},{\"@type\":\"BreadcrumbList\",\"@id\":\"https:\\\/\\\/slegal.de\\\/en\\\/ritt-durchs-arbeitsrecht\\\/#breadcrumb\",\"itemListElement\":[{\"@type\":\"ListItem\",\"position\":1,\"name\":\"Startseite\",\"item\":\"https:\\\/\\\/slegal.de\\\/en\\\/\"},{\"@type\":\"ListItem\",\"position\":2,\"name\":\"Ritt durchs Arbeitsrecht\"}]},{\"@type\":\"WebSite\",\"@id\":\"https:\\\/\\\/slegal.de\\\/en\\\/#website\",\"url\":\"https:\\\/\\\/slegal.de\\\/en\\\/\",\"name\":\"Schwenke Sch\u00fctz\",\"description\":\"Rechtsanw\u00e4lte und Notare\",\"publisher\":{\"@id\":\"https:\\\/\\\/slegal.de\\\/en\\\/#organization\"},\"potentialAction\":[{\"@type\":\"SearchAction\",\"target\":{\"@type\":\"EntryPoint\",\"urlTemplate\":\"https:\\\/\\\/slegal.de\\\/en\\\/?s={search_term_string}\"},\"query-input\":{\"@type\":\"PropertyValueSpecification\",\"valueRequired\":true,\"valueName\":\"search_term_string\"}}],\"inLanguage\":\"en-US\"},{\"@type\":\"Organization\",\"@id\":\"https:\\\/\\\/slegal.de\\\/en\\\/#organization\",\"name\":\"Schwenke Sch\u00fctz\",\"url\":\"https:\\\/\\\/slegal.de\\\/en\\\/\",\"logo\":{\"@type\":\"ImageObject\",\"inLanguage\":\"en-US\",\"@id\":\"https:\\\/\\\/slegal.de\\\/en\\\/#\\\/schema\\\/logo\\\/image\\\/\",\"url\":\"https:\\\/\\\/slegal.de\\\/wp-content\\\/uploads\\\/2017\\\/11\\\/logo-schwenke-schuetz.png\",\"contentUrl\":\"https:\\\/\\\/slegal.de\\\/wp-content\\\/uploads\\\/2017\\\/11\\\/logo-schwenke-schuetz.png\",\"width\":370,\"height\":126,\"caption\":\"Schwenke Sch\u00fctz\"},\"image\":{\"@id\":\"https:\\\/\\\/slegal.de\\\/en\\\/#\\\/schema\\\/logo\\\/image\\\/\"},\"sameAs\":[\"https:\\\/\\\/www.linkedin.com\\\/company\\\/11433693\\\/\"]},{\"@type\":\"Person\",\"@id\":\"https:\\\/\\\/slegal.de\\\/en\\\/#\\\/schema\\\/person\\\/60d31e421a5014d578a9fa93c9089556\",\"name\":\"Ahmed Amine Mchayaa\",\"image\":{\"@type\":\"ImageObject\",\"inLanguage\":\"en-US\",\"@id\":\"https:\\\/\\\/secure.gravatar.com\\\/avatar\\\/509a1fe6b7a06a77d623bb38281b6f573efd61a2512de9be7cac54d6ee2e45c7?s=96&d=mm&r=g\",\"url\":\"https:\\\/\\\/secure.gravatar.com\\\/avatar\\\/509a1fe6b7a06a77d623bb38281b6f573efd61a2512de9be7cac54d6ee2e45c7?s=96&d=mm&r=g\",\"contentUrl\":\"https:\\\/\\\/secure.gravatar.com\\\/avatar\\\/509a1fe6b7a06a77d623bb38281b6f573efd61a2512de9be7cac54d6ee2e45c7?s=96&d=mm&r=g\",\"caption\":\"Ahmed Amine Mchayaa\"},\"sameAs\":[\"http:\\\/\\\/madev.de\"]}]}<\/script>\n<!-- \/ Yoast SEO plugin. -->","yoast_head_json":{"title":"Ritt durchs Arbeitsrecht &#8211; Schwenke Sch\u00fctz","robots":{"index":"index","follow":"follow","max-snippet":"max-snippet:-1","max-image-preview":"max-image-preview:large","max-video-preview":"max-video-preview:-1"},"canonical":"https:\/\/slegal.de\/en\/ritt-durchs-arbeitsrecht\/","og_locale":"en_US","og_type":"article","og_title":"Ritt durchs Arbeitsrecht &#8211; Schwenke Sch\u00fctz","og_description":"Es ist zwar noch eine Weile hin, aber alle&nbsp;Gr\u00fcnder*innen,&nbsp;Startups&nbsp;und junge&nbsp;Unternehmen&nbsp;gerne vormerken: Am 25. Oktober 2022 h\u00e4lt unsere Kollegin&nbsp;Dr. Caroline Dressel, LL.M.&nbsp;in Kooperation...","og_url":"https:\/\/slegal.de\/en\/ritt-durchs-arbeitsrecht\/","og_site_name":"Schwenke Sch\u00fctz","article_published_time":"2022-07-08T11:37:41+00:00","article_modified_time":"2022-07-08T11:37:46+00:00","og_image":[{"width":2560,"height":1280,"url":"https:\/\/slegal.de\/wp-content\/uploads\/2022\/07\/business-people-working-digitally-2021-09-02-06-04-19-utc-min-scaled.jpg","type":"image\/jpeg"}],"author":"Ahmed Amine Mchayaa","twitter_card":"summary_large_image","twitter_misc":{"Written by":"Ahmed Amine Mchayaa","Est. reading time":"1 minute"},"schema":{"@context":"https:\/\/schema.org","@graph":[{"@type":"Article","@id":"https:\/\/slegal.de\/en\/ritt-durchs-arbeitsrecht\/#article","isPartOf":{"@id":"https:\/\/slegal.de\/en\/ritt-durchs-arbeitsrecht\/"},"author":{"name":"Ahmed Amine Mchayaa","@id":"https:\/\/slegal.de\/en\/#\/schema\/person\/60d31e421a5014d578a9fa93c9089556"},"headline":"Ritt durchs Arbeitsrecht","datePublished":"2022-07-08T11:37:41+00:00","dateModified":"2022-07-08T11:37:46+00:00","mainEntityOfPage":{"@id":"https:\/\/slegal.de\/en\/ritt-durchs-arbeitsrecht\/"},"wordCount":161,"commentCount":0,"publisher":{"@id":"https:\/\/slegal.de\/en\/#organization"},"image":{"@id":"https:\/\/slegal.de\/en\/ritt-durchs-arbeitsrecht\/#primaryimage"},"thumbnailUrl":"https:\/\/slegal.de\/wp-content\/uploads\/2022\/07\/business-people-working-digitally-2021-09-02-06-04-19-utc-min-scaled.jpg","keywords":["Employment Law"],"articleSection":["Employment Law"],"inLanguage":"en-US","potentialAction":[{"@type":"CommentAction","name":"Comment","target":["https:\/\/slegal.de\/en\/ritt-durchs-arbeitsrecht\/#respond"]}]},{"@type":"WebPage","@id":"https:\/\/slegal.de\/en\/ritt-durchs-arbeitsrecht\/","url":"https:\/\/slegal.de\/en\/ritt-durchs-arbeitsrecht\/","name":"Ritt durchs Arbeitsrecht &#8211; Schwenke Sch\u00fctz","isPartOf":{"@id":"https:\/\/slegal.de\/en\/#website"},"primaryImageOfPage":{"@id":"https:\/\/slegal.de\/en\/ritt-durchs-arbeitsrecht\/#primaryimage"},"image":{"@id":"https:\/\/slegal.de\/en\/ritt-durchs-arbeitsrecht\/#primaryimage"},"thumbnailUrl":"https:\/\/slegal.de\/wp-content\/uploads\/2022\/07\/business-people-working-digitally-2021-09-02-06-04-19-utc-min-scaled.jpg","datePublished":"2022-07-08T11:37:41+00:00","dateModified":"2022-07-08T11:37:46+00:00","breadcrumb":{"@id":"https:\/\/slegal.de\/en\/ritt-durchs-arbeitsrecht\/#breadcrumb"},"inLanguage":"en-US","potentialAction":[{"@type":"ReadAction","target":["https:\/\/slegal.de\/en\/ritt-durchs-arbeitsrecht\/"]}]},{"@type":"ImageObject","inLanguage":"en-US","@id":"https:\/\/slegal.de\/en\/ritt-durchs-arbeitsrecht\/#primaryimage","url":"https:\/\/slegal.de\/wp-content\/uploads\/2022\/07\/business-people-working-digitally-2021-09-02-06-04-19-utc-min-scaled.jpg","contentUrl":"https:\/\/slegal.de\/wp-content\/uploads\/2022\/07\/business-people-working-digitally-2021-09-02-06-04-19-utc-min-scaled.jpg","width":2560,"height":1280},{"@type":"BreadcrumbList","@id":"https:\/\/slegal.de\/en\/ritt-durchs-arbeitsrecht\/#breadcrumb","itemListElement":[{"@type":"ListItem","position":1,"name":"Startseite","item":"https:\/\/slegal.de\/en\/"},{"@type":"ListItem","position":2,"name":"Ritt durchs Arbeitsrecht"}]},{"@type":"WebSite","@id":"https:\/\/slegal.de\/en\/#website","url":"https:\/\/slegal.de\/en\/","name":"Schwenke Sch\u00fctz","description":"Rechtsanw\u00e4lte und Notare","publisher":{"@id":"https:\/\/slegal.de\/en\/#organization"},"potentialAction":[{"@type":"SearchAction","target":{"@type":"EntryPoint","urlTemplate":"https:\/\/slegal.de\/en\/?s={search_term_string}"},"query-input":{"@type":"PropertyValueSpecification","valueRequired":true,"valueName":"search_term_string"}}],"inLanguage":"en-US"},{"@type":"Organization","@id":"https:\/\/slegal.de\/en\/#organization","name":"Schwenke Sch\u00fctz","url":"https:\/\/slegal.de\/en\/","logo":{"@type":"ImageObject","inLanguage":"en-US","@id":"https:\/\/slegal.de\/en\/#\/schema\/logo\/image\/","url":"https:\/\/slegal.de\/wp-content\/uploads\/2017\/11\/logo-schwenke-schuetz.png","contentUrl":"https:\/\/slegal.de\/wp-content\/uploads\/2017\/11\/logo-schwenke-schuetz.png","width":370,"height":126,"caption":"Schwenke Sch\u00fctz"},"image":{"@id":"https:\/\/slegal.de\/en\/#\/schema\/logo\/image\/"},"sameAs":["https:\/\/www.linkedin.com\/company\/11433693\/"]},{"@type":"Person","@id":"https:\/\/slegal.de\/en\/#\/schema\/person\/60d31e421a5014d578a9fa93c9089556","name":"Ahmed Amine Mchayaa","image":{"@type":"ImageObject","inLanguage":"en-US","@id":"https:\/\/secure.gravatar.com\/avatar\/509a1fe6b7a06a77d623bb38281b6f573efd61a2512de9be7cac54d6ee2e45c7?s=96&d=mm&r=g","url":"https:\/\/secure.gravatar.com\/avatar\/509a1fe6b7a06a77d623bb38281b6f573efd61a2512de9be7cac54d6ee2e45c7?s=96&d=mm&r=g","contentUrl":"https:\/\/secure.gravatar.com\/avatar\/509a1fe6b7a06a77d623bb38281b6f573efd61a2512de9be7cac54d6ee2e45c7?s=96&d=mm&r=g","caption":"Ahmed Amine Mchayaa"},"sameAs":["http:\/\/madev.de"]}]}},"_links":{"self":[{"href":"https:\/\/slegal.de\/en\/wp-json\/wp\/v2\/posts\/12058","targetHints":{"allow":["GET"]}}],"collection":[{"href":"https:\/\/slegal.de\/en\/wp-json\/wp\/v2\/posts"}],"about":[{"href":"https:\/\/slegal.de\/en\/wp-json\/wp\/v2\/types\/post"}],"author":[{"embeddable":true,"href":"https:\/\/slegal.de\/en\/wp-json\/wp\/v2\/users\/8"}],"replies":[{"embeddable":true,"href":"https:\/\/slegal.de\/en\/wp-json\/wp\/v2\/comments?post=12058"}],"version-history":[{"count":1,"href":"https:\/\/slegal.de\/en\/wp-json\/wp\/v2\/posts\/12058\/revisions"}],"predecessor-version":[{"id":12059,"href":"https:\/\/slegal.de\/en\/wp-json\/wp\/v2\/posts\/12058\/revisions\/12059"}],"wp:featuredmedia":[{"embeddable":true,"href":"https:\/\/slegal.de\/en\/wp-json\/wp\/v2\/media\/12056"}],"wp:attachment":[{"href":"https:\/\/slegal.de\/en\/wp-json\/wp\/v2\/media?parent=12058"}],"wp:term":[{"taxonomy":"category","embeddable":true,"href":"https:\/\/slegal.de\/en\/wp-json\/wp\/v2\/categories?post=12058"},{"taxonomy":"post_tag","embeddable":true,"href":"https:\/\/slegal.de\/en\/wp-json\/wp\/v2\/tags?post=12058"}],"curies":[{"name":"wp","href":"https:\/\/api.w.org\/{rel}","templated":true}]}}